{"id":2029,"date":"2016-03-19T11:25:39","date_gmt":"2016-03-19T10:25:39","guid":{"rendered":"http:\/\/anderstrense.se\/?p=2029"},"modified":"2016-03-19T11:25:39","modified_gmt":"2016-03-19T10:25:39","slug":"pask","status":"publish","type":"post","link":"https:\/\/anderstrense.se\/?p=2029","title":{"rendered":"P\u00e5sk"},"content":{"rendered":"<p><strong>P\u00e5sk, en h\u00f6gtid som ger minnen.\u00a0<\/strong>F\u00f6r mig \u00e4r p\u00e5sken st\u00f6rre \u00e4n de andra svenska h\u00f6gtiderna. Margareta och jag gifte oss p\u00e5skafton 1961. Jag \u00f6vertalade Margareta att br\u00f6llopsresan skulle g\u00e5 till fj\u00e4llen. Med l\u00e5n av pappas Volvo drog vi direkt upp till Ljungdalen. Det mest avl\u00e4gsna jag kunde hitta p\u00e5 kartan. Efter en gemytlig natt i denna lilla by startade vi turen ut i vildmarken. M\u00e5let var Helags fj\u00e4llstation. Det mesta gick snett fr\u00e5n b\u00f6rjan. Primusk\u00f6ket fungerade inte. Det g\u00f6r inte primusk\u00f6k gjorda f\u00f6r sommaren, men man l\u00e4r sig. Sj\u00e4lvhush\u00e5llet p\u00e5 Helags var kn\u00f6kfullt. \u00d6ver en j\u00e4rnspis skulle vi koka mat, som spetsades av droppar fr\u00e5n k\u00e4ngor och sockor som h\u00e4ngde f\u00f6r tork \u00f6ver spisen.<br \/>\n<strong>Vidare mot G\u00e5sen.\u00a0<\/strong>V\u00e4dret var gr\u00e5daskit och bl\u00e5sigt. Bl\u00e5sten tilltog och den mysiga sn\u00f6fickan jag sett p\u00e5 bilder i turistbroschyrerna fanns n\u00e5gon annanstans. Dessutom kunde inte jag valla som Margaretas pappa kunde. Eftersom han inte var med, som tur var, fick det bli som det blev. Helags var rena Hilton i j\u00e4mf\u00f6relse med den lilla G\u00e5senstugan. Fyra i varje b\u00e4dd, br\u00f6llopsresa?<br \/>\n<strong>Vidare mot Sylen, trodde jag.\u00a0<\/strong>Margareta kunde vara fan s\u00e5 best\u00e4md, n\u00e4r hon best\u00e4mde sig. Hon v\u00e4nde skidorna tillbaka mot Helags, sen fick jag planera vad jag ville. V\u00e4dret fortsatte i lika mollton, men skidorna gled b\u00e4ttre, vilket kompenserades av pl\u00e5gsamt bakhalt.<br \/>\n<strong>N\u00e4sta dag var en chock.\u00a0<\/strong>Solen lyste fr\u00e5n en helt bl\u00e5 himmel och totalt vindstilla. Skidorna gled underbart och f\u00e4stet var perfekt. Jag hade i smyg k\u00f6pt varsin TILL \u00f6l. Det godaste \u00f6l som gjorts och som n\u00e4stan r\u00e4ddade ett \u00e4ktenskap. Tyv\u00e4rr var solen f\u00f6r stark, som ni kan se p\u00e5 bilden. Efter denna fj\u00e4lltur flyttade vi till J\u00e4mtland och genomf\u00f6rde runt 40 sommar- och vinterturer.<\/p>\n<p><img loading=\"lazy\" decoding=\"async\" class=\"aligncenter size-large wp-image-2039\" src=\"http:\/\/media1.anderstrense.se\/2016\/03\/8-1024x664.jpg\" alt=\"8\" width=\"604\" height=\"392\" \/><\/p>\n<p><strong>Jag ska ber\u00e4tta om tv\u00e5 av dessa turer.<\/strong> Den 26 mars 1979 (jag fyllde 40 \u00e5r den dagen) \u00e5kte vi fr\u00e5n Bl\u00e5hammaren till Sylarna. SMHI lovade fint v\u00e4der med nordlig vind, vilket st\u00e4mde till mitt p\u00e5 dagen. D\u00e5 blev det helt vindstilla, en n\u00e4stan konstig stillhet, sen small det. Pl\u00f6tsligt b\u00f6rjade det bl\u00e5sa sydlig vind, som bara tilltog. Ganska fort f\u00f6rsvann all sikt. Vi s\u00e5g inte n\u00e4sta kryss. I samma veva hann vi upp fyra personer som stannat, eftersom de inte s\u00e5g n\u00e5gonting. Vi best\u00e4mde att h\u00e5lla ihop med cirka tio meters mellanrum f\u00f6r att se fr\u00e5n kryss till kryss. V\u00e5rt m\u00e5l var ett vindskydd som ligger 2,5 km framf\u00f6r Sylstationen. N\u00e4r vi n\u00e5dde vindskyddet var vinden uppe i 30-35 meter per sekund. Jag vet det eftersom vindm\u00e4taren p\u00e5 Systationen bl\u00e5ste ned och visade p\u00e5 42, n\u00e4r den hittades till sommaren. Det h\u00e4nde mycket mer den h\u00e4r natten, men det blir f\u00f6r l\u00e5ngt att ber\u00e4tta. Det sorgliga var att tre personer miste livet i denna storm.<\/p>\n<p><img loading=\"lazy\" decoding=\"async\" class=\"aligncenter size-large wp-image-2040\" src=\"http:\/\/media1.anderstrense.se\/2016\/03\/A6-Endalsh\u00f6jden-1024x664.jpg\" alt=\"A6 Endalsh\u00f6jden\" width=\"604\" height=\"392\" \/><br \/>\n<strong>Fj\u00e4llet har alltid n\u00e5got nytt att ber\u00e4tta.\u00a0<\/strong>Det h\u00e4r \u00e5ret var p\u00e5sken s\u00e5 sen som den kan vara. Det h\u00e4r blev v\u00e5r sista tur innan vi flyttade till Spanien. Solen beh\u00e4rskade hela fj\u00e4llet fr\u00e5n en molnfri himmel. Det var mycket varmt. B\u00e4ckar och \u00e4lvar b\u00f6rjade bryta upp. F\u00f6r varje timme m\u00e5ste vi leta nya st\u00e4llen f\u00f6r att ta oss fram. Den sista april var vi p\u00e5 Sylen d\u00e4r man firade Valborg nere vid Syl\u00e4lven. Vi eldade och sj\u00f6ng alla v\u00e5rs\u00e5ngerna, n\u00e4r det pl\u00f6tsligt h\u00f6rdes ett d\u00e5n, \u00e4lven br\u00f6t upp. Vattnet forsade \u00f6ver isen. Vilket sk\u00e5despel, of\u00f6rgl\u00f6mligt. N\u00e4sta dag m\u00e5ste alla ge sig iv\u00e4g eftersom Sylstationen skulle st\u00e4ngas f\u00f6r s\u00e4songen. Nu var det kris, men alla kom ned med vissa besv\u00e4r. Av alla turer var den h\u00e4r den mest fantastiska jag upplevt.<br \/>\n<strong>P\u00e5sk i Spanien.\u00a0<\/strong>P\u00e5sken \u00e4r definitivt den dominerande h\u00f6gtiden i Spanien. Det beror p\u00e5 den katolska kyrkan och p\u00e5skveckans enorma styrka. \u00d6ver hela Spanien l\u00e4gger man ned ett enormt arbete med fantastiska processioner flera dagar i rad, ibland flera processioner p\u00e5 en dag. Bara i Torrevieja, som \u00e4r en j\u00e4mf\u00f6relsevis liten stad, blir man imponerad av vad som visas upp. Alla g\u00e5r ut f\u00f6r att se, fr\u00e5n sm\u00e5 barn till mycket gamla m\u00e4nniskor. F\u00f6r att de \u00e4ldre skall orka med s\u00e4tter man ut stolar l\u00e4ngs gatorna. \u00d6ver huvud visar man en mycket st\u00f6rre respekt f\u00f6r \u00e4ldre i Spanien \u00e4n i Sverige, tycker jag i alla fall. Jag l\u00e4gger ut n\u00e5gra bilder s\u00e5 f\u00e5r ni se.<\/p>\n<p><img loading=\"lazy\" decoding=\"async\" class=\"aligncenter size-large wp-image-2043\" src=\"http:\/\/media1.anderstrense.se\/2016\/03\/P\u00e5skprocessioner-009-1024x768.jpg\" alt=\"P\u00e5skprocessioner 009\" width=\"604\" height=\"453\" \/><img loading=\"lazy\" decoding=\"async\" class=\"aligncenter size-large wp-image-2044\" src=\"http:\/\/media1.anderstrense.se\/2016\/03\/P\u00e5skprocessioner-014-1024x768.jpg\" alt=\"P\u00e5skprocessioner 014\" width=\"604\" height=\"453\" \/><img loading=\"lazy\" decoding=\"async\" class=\"aligncenter size-large wp-image-2045\" src=\"http:\/\/media1.anderstrense.se\/2016\/03\/P\u00e5skprocessioner-007-1024x768.jpg\" alt=\"P\u00e5skprocessioner 007\" width=\"604\" height=\"453\" \/><img loading=\"lazy\" decoding=\"async\" class=\"aligncenter size-large wp-image-2046\" src=\"http:\/\/media1.anderstrense.se\/2016\/03\/P\u00e5skprocessioner-030-1024x768.jpg\" alt=\"P\u00e5skprocessioner 030\" width=\"604\" height=\"453\" \/><img loading=\"lazy\" decoding=\"async\" class=\"aligncenter size-large wp-image-2047\" src=\"http:\/\/media1.anderstrense.se\/2016\/03\/P\u00e5skprocessioner-010-1024x768.jpg\" alt=\"P\u00e5skprocessioner 010\" width=\"604\" height=\"453\" \/><img loading=\"lazy\" decoding=\"async\" class=\"aligncenter size-large wp-image-2048\" src=\"http:\/\/media1.anderstrense.se\/2016\/03\/P\u00e5skprocessioner-019-1024x768.jpg\" alt=\"P\u00e5skprocessioner 019\" width=\"604\" height=\"453\" \/><\/p>\n<p>Det har g\u00e5tt tv\u00e5 \u00e5r sedan Margareta gick bort. Jag trodde aldrig jag skulle f\u00e5 styrkan att se p\u00e5 bilder och minnas allt vi haft gemensamt. Det kommer s\u00e4kert flera dalar, men de t\u00e5rar som kommer nu, \u00e4r mera gl\u00e4djet\u00e5rar \u00f6ver vad livet hann ge oss och allt vi fick uppleva tillsammans. Det kan kanske vara en tr\u00f6st att l\u00e4sa, f\u00f6r de som oundvikligen till slut hamnar i samma situation.<\/p>\n","protected":false},"excerpt":{"rendered":"<p>P\u00e5sk, en h\u00f6gtid som ger minnen.\u00a0F\u00f6r mig \u00e4r p\u00e5sken st\u00f6rre \u00e4n de andra svenska h\u00f6gtiderna. Margareta och jag gifte oss p\u00e5skafton 1961. Jag \u00f6vertalade Margareta att br\u00f6llopsresan skulle g\u00e5 till fj\u00e4llen. Med l\u00e5n av pappas Volvo drog vi direkt upp till Ljungdalen. Det mest avl\u00e4gsna jag kunde hitta p\u00e5 kartan. Efter en gemytlig natt i &hellip; <a href=\"https:\/\/anderstrense.se\/?p=2029\" class=\"more-link\">Forts\u00e4tt l\u00e4sa <span class=\"screen-reader-text\">P\u00e5sk<\/span> <span class=\"meta-nav\">&rarr;<\/span><\/a><\/p>\n","protected":false},"author":2,"featured_media":0,"comment_status":"open","ping_status":"closed","sticky":false,"template":"","format":"standard","meta":{"footnotes":""},"categories":[3],"tags":[],"class_list":["post-2029","post","type-post","status-publish","format-standard","hentry","category-osorterat"],"_links":{"self":[{"href":"https:\/\/anderstrense.se\/index.php?rest_route=\/wp\/v2\/posts\/2029","targetHints":{"allow":["GET"]}}],"collection":[{"href":"https:\/\/anderstrense.se\/index.php?rest_route=\/wp\/v2\/posts"}],"about":[{"href":"https:\/\/anderstrense.se\/index.php?rest_route=\/wp\/v2\/types\/post"}],"author":[{"embeddable":true,"href":"https:\/\/anderstrense.se\/index.php?rest_route=\/wp\/v2\/users\/2"}],"replies":[{"embeddable":true,"href":"https:\/\/anderstrense.se\/index.php?rest_route=%2Fwp%2Fv2%2Fcomments&post=2029"}],"version-history":[{"count":0,"href":"https:\/\/anderstrense.se\/index.php?rest_route=\/wp\/v2\/posts\/2029\/revisions"}],"wp:attachment":[{"href":"https:\/\/anderstrense.se\/index.php?rest_route=%2Fwp%2Fv2%2Fmedia&parent=2029"}],"wp:term":[{"taxonomy":"category","embeddable":true,"href":"https:\/\/anderstrense.se\/index.php?rest_route=%2Fwp%2Fv2%2Fcategories&post=2029"},{"taxonomy":"post_tag","embeddable":true,"href":"https:\/\/anderstrense.se\/index.php?rest_route=%2Fwp%2Fv2%2Ftags&post=2029"}],"curies":[{"name":"wp","href":"https:\/\/api.w.org\/{rel}","templated":true}]}}