{"id":1997,"date":"2016-02-08T09:51:40","date_gmt":"2016-02-08T08:51:40","guid":{"rendered":"http:\/\/anderstrense.se\/?p=1997"},"modified":"2016-02-08T09:51:40","modified_gmt":"2016-02-08T08:51:40","slug":"tystnad","status":"publish","type":"post","link":"https:\/\/anderstrense.se\/?p=1997","title":{"rendered":"Tystnad"},"content":{"rendered":"<p><strong>Jag har inte skrivit n\u00e5gon blogg sedan b\u00f6rjan av oktober.\u00a0<\/strong>Det har sin f\u00f6rklaring. Jag har inte m\u00e5tt bra och d\u00e5 saknas lusten att skriva. Det b\u00f6rjade under november och har sedan blivit v\u00e4rre. Trots l\u00e5nga promenader och gymtr\u00e4ning har jag bara blivit tr\u00f6ttare och tr\u00f6ttare. Varje morgon har jag m\u00e5tt illa och meningen med att g\u00e5 upp har mer och mer saknats.<br \/>\n<strong>Till sist g\u00e5r man till doktorn.\u00a0<\/strong>Det m\u00e5ste ju vara n\u00e5got fel. Det \u00e4r en bra doktor, tycker jag. Jag ber\u00e4ttar om mig sj\u00e4lv, hur jag m\u00e5r och om f\u00f6rlusten av Margareta.<br \/>\n&#8211; Du f\u00e5r g\u00e5 till labbet nu och ta lite prover. Jag ringer i morgon.<br \/>\n<strong>N\u00e4sta dag, redan klockan \u00e5tta ringer det.<br \/>\n<\/strong>&#8211; Dina v\u00e4rden \u00e4r bra, inget att anm\u00e4rka p\u00e5.<br \/>\n&#8211; Moliere, Den inbillade sjuke, sa jag.<br \/>\n&#8211; Nej inte alls, men du har en djup depression.<\/p>\n<p><strong>Vi pratar l\u00e4nge och jag inser hur r\u00e4tt han har.\u00a0<\/strong>F\u00f6rsta tiden efter Margaretas bortg\u00e5ng var jag helt utslagen. Det har jag tidigare skrivit om i denna blogg. S\u00e5 sm\u00e5ningom b\u00f6rjar livet sakta komma ig\u00e5ng. Sen \u00e4r det inte ovanligt att efter 18 till 24 m\u00e5nader kommer n\u00e4sta sm\u00e4ll. Man inser pl\u00f6tsligt att det \u00e4r definitivt. Det h\u00e4r g\u00e4ller inte alla, men m\u00e5nga. S\u00e5 vad g\u00f6r man? Den legendariske skid\u00e5karen Per Elofsson myntade ett uttryck: Det \u00e4r bara att bryta ihop och k\u00f6ra vidare. Eller inte k\u00f6ra vidare&#8230;<\/p>\n<p><strong>Doktorn igen:\u00a0<\/strong>Du vet att det inte \u00e4r n\u00e5got fysiskt fel. Bara det g\u00f6r att du kanske kan k\u00e4mpa p\u00e5, f\u00f6rs\u00f6ka aktivera dig p\u00e5 flera s\u00e4tt (men det har jag ju gjort hela tiden, min tanke). Du kan ocks\u00e5 f\u00e5 medicin mot depression. Allt \u00e4r upp till dig. I vilket fall g\u00e5r det \u00f6ver, \u00e4ven om det i nul\u00e4get \u00e4r mycket tungt.<br \/>\nJag tog mitt beslut och vi best\u00e4mde att tr\u00e4ffas om en m\u00e5nad (eller tidigare om l\u00e4get skulle f\u00f6rs\u00e4mras.) Detta var den 5 januari 2016.<\/p>\n<p><strong>8 februari 2016<\/strong>. Solen kryper upp n\u00e5gra minuter tidigare varje dag. Det blir ljusare. P\u00e5 n\u00e5got s\u00e4tt k\u00e4nns det lite ljusare i huvudet ocks\u00e5. Jag orkar mera. Ibland handlar det om detaljer. V\u00e4nnen Lars-Herman tog mig med p\u00e5 ett lunchm\u00f6te. Lunchm\u00f6te? Jo, vi \u00e4r ett g\u00e4ng sportiga farbr\u00f6der i min \u00e5lder, som tr\u00e4ffas varje torsdag. Vi \u00e4ter och l\u00f6ser sedan v\u00e4rldens problem. Det h\u00e4r \u00e4r grabbar som vet vilka GRE-NO-LI och Nacka var, samt andra dylika viktiga kunskaper. F\u00f6r \u00f6vrigt \u00e4r alla trevliga. \u00c5sikterna \u00e4r delade, men ingen blir sur. Dessa tr\u00e4ffar betyder lika mycket som n\u00e5gra Setralin-piller.<\/p>\n<p><strong>F\u00f6rfattandet.\u00a0<\/strong>Orkar man inte skriva blogg, s\u00e5 \u00e4r det f\u00f6rst\u00e5s \u00e4nnu sv\u00e5rare att skriva b\u00f6cker. Jag har tv\u00e5 manus f\u00e4rdiga. Ett m\u00e5ste jag \u00e4ndra p\u00e5, ett \u00e4r p\u00e5 bed\u00f6mning. Om de inte blir antagna av f\u00f6rlaget l\u00e4gger jag ut dem h\u00e4r p\u00e5 n\u00e4tet, gratis f\u00f6r att ladda ned. Tre tidigare b\u00f6cker som \u00e4r sluts\u00e5lda sedan l\u00e4nge ligger redan d\u00e4r (Stormbyar &#8211; H\u00f6ststorm &#8211; Eld i berget). Tre b\u00f6cker finns att k\u00f6pa, s\u00e5 dem kan jag inte l\u00e4gga ut p\u00e5 n\u00e4tet (Maria! Jane? &#8211; Fyra p\u00e5 fj\u00e4llet &#8211; Naserian). Sen har jag tv\u00e5 urgamla manus som jag skall titta p\u00e5 och besluta om de skall f\u00e5 f\u00f6rsvinna i gl\u00f6mskans dalar eller g\u00f6ras om (Bergsfolket och Byskolan). Jag fick reda p\u00e5 hur m\u00e5nga som l\u00e5nat mina b\u00f6cker under 2014. \u00d6ver tv\u00e5 tusen! Det var som &#8230;.Jag kanske ska se \u00f6ver Bergsfolket och Byskolan i alla fall.<\/p>\n<p><strong>Detaljer var det.\u00a0<\/strong>&#8221;Brorsan&#8221; (de insatta vet vem jag menar) har haft infarkt och m\u00e5tt d\u00e5ligt. Nu har allt ordnat sig, han m\u00e5r bra (och d\u00e5 m\u00e5r jag bra). Tv\u00e5 n\u00e4ra v\u00e4nner har legat p\u00e5 om att bes\u00f6ka dem i Torrevieja. Jag \u00e5ker i april. Se d\u00e4r.<\/p>\n<p><strong>Innan dess.\u00a0<\/strong> Mellansonen har f\u00e5tt fart \u00a0p\u00e5 den \u00e5ldrande bilen (Opel -95). Nu skall jag bes\u00f6ka n\u00e5gra v\u00e4nner h\u00e4r i Sverige, om v\u00e4garna blir bara &#8211; och de blir de ju s\u00e5 sm\u00e5ningom. Se d\u00e4r.<\/p>\n<p>(Fotnot. Setralin=medicin mot depression)<\/p>\n<p>&nbsp;<\/p>\n<p>&nbsp;<\/p>\n","protected":false},"excerpt":{"rendered":"<p>Jag har inte skrivit n\u00e5gon blogg sedan b\u00f6rjan av oktober.\u00a0Det har sin f\u00f6rklaring. Jag har inte m\u00e5tt bra och d\u00e5 saknas lusten att skriva. Det b\u00f6rjade under november och har sedan blivit v\u00e4rre. Trots l\u00e5nga promenader och gymtr\u00e4ning har jag bara blivit tr\u00f6ttare och tr\u00f6ttare. Varje morgon har jag m\u00e5tt illa och meningen med att &hellip; <a href=\"https:\/\/anderstrense.se\/?p=1997\" class=\"more-link\">Forts\u00e4tt l\u00e4sa <span class=\"screen-reader-text\">Tystnad<\/span> <span class=\"meta-nav\">&rarr;<\/span><\/a><\/p>\n","protected":false},"author":2,"featured_media":0,"comment_status":"open","ping_status":"closed","sticky":false,"template":"","format":"standard","meta":{"footnotes":""},"categories":[3],"tags":[],"class_list":["post-1997","post","type-post","status-publish","format-standard","hentry","category-osorterat"],"_links":{"self":[{"href":"https:\/\/anderstrense.se\/index.php?rest_route=\/wp\/v2\/posts\/1997","targetHints":{"allow":["GET"]}}],"collection":[{"href":"https:\/\/anderstrense.se\/index.php?rest_route=\/wp\/v2\/posts"}],"about":[{"href":"https:\/\/anderstrense.se\/index.php?rest_route=\/wp\/v2\/types\/post"}],"author":[{"embeddable":true,"href":"https:\/\/anderstrense.se\/index.php?rest_route=\/wp\/v2\/users\/2"}],"replies":[{"embeddable":true,"href":"https:\/\/anderstrense.se\/index.php?rest_route=%2Fwp%2Fv2%2Fcomments&post=1997"}],"version-history":[{"count":0,"href":"https:\/\/anderstrense.se\/index.php?rest_route=\/wp\/v2\/posts\/1997\/revisions"}],"wp:attachment":[{"href":"https:\/\/anderstrense.se\/index.php?rest_route=%2Fwp%2Fv2%2Fmedia&parent=1997"}],"wp:term":[{"taxonomy":"category","embeddable":true,"href":"https:\/\/anderstrense.se\/index.php?rest_route=%2Fwp%2Fv2%2Fcategories&post=1997"},{"taxonomy":"post_tag","embeddable":true,"href":"https:\/\/anderstrense.se\/index.php?rest_route=%2Fwp%2Fv2%2Ftags&post=1997"}],"curies":[{"name":"wp","href":"https:\/\/api.w.org\/{rel}","templated":true}]}}