{"id":1926,"date":"2015-09-19T20:40:10","date_gmt":"2015-09-19T19:40:10","guid":{"rendered":"http:\/\/anderstrense.se\/?p=1926"},"modified":"2015-09-19T20:40:10","modified_gmt":"2015-09-19T19:40:10","slug":"bokslut-sommaren-granlunda","status":"publish","type":"post","link":"https:\/\/anderstrense.se\/?p=1926","title":{"rendered":"Bokslut &#8211; Sommaren &#8211; Granlunda"},"content":{"rendered":"<p><strong>Enligt SMHI \u00e4r sommaren \u00f6ver nu.\u00a0<\/strong>Fr\u00e5gan \u00e4r n\u00e4r den b\u00f6rjade. Enligt samma SMHI var v\u00e5ren p\u00e5 g\u00e5ng i Ljungdalen i mitten av augusti. Enligt gamla Pohlman var ett mannaminne h\u00f6gst fem \u00e5r, \u00e5tminstone n\u00e4r det g\u00e4ller v\u00e4dret. Kort sagt har vi redan nu b\u00f6rjat gl\u00f6mma sommaren -15. Nu f\u00e5r vi b\u00f6rja klaga p\u00e5 h\u00f6sten och vintern.<\/p>\n<p><strong>Andra sommaren p\u00e5 Granlunda utan Margareta.\u00a0<\/strong>F\u00f6rra sommaren var bara som i dimma, t\u00e5rarna skymde n\u00e4stan allt. T\u00e5rarna \u00e4r fortfarande med, men inte lika mycket. Mest n\u00e4r jag blir p\u00e5mind om henne, som nu till exempel, n\u00e4r jag skriver. Den h\u00e4r sommaren har varit ett uppvaknande. Jag har insett att livet bytt skepnad. F\u00f6rs\u00e4ljningen av huset i Spanien var ett steg p\u00e5 v\u00e4gen. Det som p\u00e5verkat mest har kanske varit v\u00e4nner som g\u00e5tt och kommit. Tack och lov har de flesta varit v\u00e4nner som varit kvar och \u00e4ven nya, men n\u00e5gra har f\u00f6rsvunnit &#8211; inte ett ljud, telefon, mail eller SMS.<\/p>\n<p><strong>\u00c5ter till verkligheten.\u00a0<\/strong>Hur har sommaren varit d\u00e5? V\u00e4dret bryr vi oss inte om, men f\u00f6r \u00f6vrigt? N\u00e4r jag sammanfattar blir jag \u00f6verraskad. Den har varit bra. Det b\u00f6rjade med att jag i maj bes\u00f6kte Sigtuna golfbana och fick m\u00e5nga nya bekanta. P\u00e5 v\u00e4gen upp till J\u00e4mtland tog jag mig tid att h\u00e4lsa p\u00e5 l\u00e4rarkamraten Lasse med fru Gunilla. Vi pluggade tillsammans p\u00e5 seminariet i Uppsala och h\u00e5ller kontakten. Efter god lunch fortsatte jag till Kurt i H\u00e4lsingland. D\u00e4r blev det middag och lite till, s\u00e5 n\u00e5gon avf\u00e4rd f\u00f6re tolv n\u00e4sta dag var inte att t\u00e4nka p\u00e5.<br \/>\nSen kom Midsommar h\u00e4r p\u00e5 Granlunda. Barn och barnbarn med kompisfamiljer. En riktig h\u00f6jdare, \u00e4ven v\u00e4dret klart godk\u00e4nt.<\/p>\n<p><a href=\"http:\/\/media1.anderstrense.se\/2015\/09\/Midsommar-2012-036.jpg\"><img loading=\"lazy\" decoding=\"async\" class=\"aligncenter size-large wp-image-1962\" src=\"http:\/\/media1.anderstrense.se\/2015\/09\/Midsommar-2012-036-768x1024.jpg\" alt=\"Midsommar 2012 036\" width=\"604\" height=\"805\" \/><\/a><\/p>\n<p><strong>M\u00e5nga turer till Gr\u00e4ft\u00e5vallen.\u00a0<\/strong>Mats och Maria \u00e4r ofta i sin stuga d\u00e4r och d\u00e5 passar jag p\u00e5. H\u00f6jdpunkterna \u00e4r n\u00e4r jag tar hunden Poppe med och knallar upp p\u00e5 fj\u00e4llet. Vi \u00e4r lika gamla och h\u00e5ller samma tempo, b\u00e5de i kropp och huvud.<\/p>\n<p><a href=\"http:\/\/media1.anderstrense.se\/2015\/09\/IMG_0006.jpg\"><img loading=\"lazy\" decoding=\"async\" class=\"size-large wp-image-1953\" src=\"http:\/\/media1.anderstrense.se\/2015\/09\/IMG_0006-1024x768.jpg\" alt=\"Poppe ser ut \u00f6ver sina dom\u00e4ner.\" width=\"604\" height=\"453\" \/><\/a><\/p>\n<p>Poppe ser ut \u00f6ver sina dom\u00e4ner. \u00a0Han fick en hudinfektion, d\u00e4rav saknaden av p\u00e4ls p\u00e5 ryggen, men det \u00e4r bra nu.<\/p>\n<p><strong>I juli gjorde jag en resa s\u00f6derut.\u00a0<\/strong>Det var psykiskt jobbigt att resa ensam, men gav mycket tillbaka. F\u00f6rst h\u00e4lsade jag p\u00e5 G\u00f6ran (bror\/polare\/allt) i \u00d6rbyhus. Han har haft en infarkt, men m\u00e5r nu bra.<br \/>\nVuxna barnbarnet Paulina med sambo Marcus h\u00e4lsade p\u00e5 f\u00f6r\u00e4ldrarna utanf\u00f6r Arlanda och fyllde \u00e4ven \u00e5r. Stor fest med m\u00e5nga ungdomar samt de \u00e4ldre gardet. D\u00e4refter till kusten och Ahlz\u00e9ns. Tempot n\u00e5got l\u00e4gre nu, men lika roligt. Sedan upp n\u00e5gra mil efter kusten och framme vid Fagerviken. Barndomsv\u00e4nnen Lars har g\u00e5tt bort, men hustrun Annika och jag t\u00e4nde enligt traditionen ett ljus p\u00e5 kv\u00e4llen och drack kask, vilket medf\u00f6rde m\u00e5nga t\u00e5rar och m\u00e5nga skratt.<br \/>\nAvslutningen blev Huggnora i s\u00f6dra Dalarna. D\u00e4r bor Bengt och Kicki p\u00e5 somrarna med Kickis f\u00f6r\u00e4ldrar. Vi blev bekanta i Torrevieja, d\u00e4r vi haft m\u00e5nga glada stunder med v\u00e4nner tillsammans. Nu hade vi lika roligt i Huggnora, som \u00e4r en underbar plats med sj\u00f6 och betande kor runt.<\/p>\n<p><strong>En upplevelse jag trodde var slut.\u00a0<\/strong>Magnus blev ledig tre dagar. Hustrun med dotter drog till Kreta och f\u00e4ltet l\u00e5g \u00f6ppet. Jag har skrivit en hel blogg om denna resa, men kan inte l\u00e5ta bli att n\u00e4mna allt igen. Det gav mig allt. Tre dagar fiske och umg\u00e4nge med den natur jag \u00e4lskar.<\/p>\n<figure id=\"attachment_1950\" aria-describedby=\"caption-attachment-1950\" style=\"width: 604px\" class=\"wp-caption aligncenter\"><a href=\"http:\/\/media1.anderstrense.se\/2015\/09\/IMG_0035.jpg\"><img loading=\"lazy\" decoding=\"async\" class=\"size-large wp-image-1950\" src=\"http:\/\/media1.anderstrense.se\/2015\/09\/IMG_0035-1024x768.jpg\" alt=\"F\u00f6rl\u00e5t Amanda, men det var s\u00e5 mycket mygg...\" width=\"604\" height=\"453\" \/><\/a><figcaption id=\"caption-attachment-1950\" class=\"wp-caption-text\">F\u00f6rl\u00e5t Amanda, men det var s\u00e5 mycket mygg&#8230;<\/figcaption><\/figure>\n<p><em><strong>Jag har g\u00e5tt ned fyra kilo och f\u00f6rb\u00e4ttrat konditionen avsev\u00e4rt.\u00a0<\/strong><\/em>Nu ljuger han igen, nej faktiskt inte. Orsaken?\u00a0<strong>Golf.\u00a0<\/strong>Jag har n\u00f6tt p\u00e5 flera g\u00e5nger i veckan. Sl\u00e4pat min vagn upp och ned och gjort enorma turer i skogen f\u00f6r att f\u00f6rs\u00f6ka hitta min boll eller n\u00e5gon medspelares boll. Leif och jag hade l\u00e5nga diskussioner om golf, n\u00e4r vi paddlade tillsammans (se, tidigare blogg). Han h\u00f6r till sl\u00e4ktet &#8221;golf \u00e4r ingen sport, fullst\u00e4ndigt meningsl\u00f6st, snobbsport&#8230;. nej, man skall springa eller \u00e5ka skidor och svettas&#8221;. Nu \u00f6verdriver jag medvetet. Eftersom vi \u00e4r b\u00e4sta v\u00e4nner kan vi s\u00e4ga vad vi vill till varandra utan att bli osams. Jag predikade f\u00f6r honom: Utan golf skulle vi ha m\u00e5nga fler hj\u00e4rtinfarkter bland m\u00e4nniskor \u00f6ver 70 \u00e5r. Vilken sport ser varje dag tusentals m\u00e4nniskor \u00f6ver 70 \u00e5r knalla runt en mil och dessutom g\u00f6ra gymnastiska r\u00f6relser p\u00e5 olika s\u00e4tt (kallas swing)? Rent socialt har golfen lika stor betydelse. Du m\u00f6ter st\u00e4ndigt nya v\u00e4nner. Dessutom \u00e4r det en myt att golfen \u00e4r dyr.<br \/>\nLeif suckade och bj\u00f6d p\u00e5 mera kaffe. Sen m\u00e5ste jag ju erk\u00e4nna att paddla som vi gjorde, \u00e4r en upplevelse \u00f6ver det vanliga.<\/p>\n<p><strong>B\u00e5tturerna p\u00e5 Storsj\u00f6n har blivit f\u00e5, p\u00e5 grund av v\u00e4dret (som jag inte skulle skriva om).\u00a0<\/strong>De f\u00e5 g\u00e5nger vi hann ut, var i alla fall lika sk\u00f6na som alltid. \u00d6jan \u00e4r ett vackert m\u00e5l, liknar Sk\u00e4rg\u00e5rden i Uppland. Till likheterna h\u00f6r ocks\u00e5 g\u00e4ddan Magnus drog upp, n\u00e4stan lika stor som b\u00e5ten, n\u00e4stan&#8230;.<\/p>\n<figure id=\"attachment_1945\" aria-describedby=\"caption-attachment-1945\" style=\"width: 604px\" class=\"wp-caption aligncenter\"><a href=\"http:\/\/media1.anderstrense.se\/2015\/09\/Turen-till-\u00d6jan-021.jpg\"><img loading=\"lazy\" decoding=\"async\" class=\"size-large wp-image-1945\" src=\"http:\/\/media1.anderstrense.se\/2015\/09\/Turen-till-\u00d6jan-021-768x1024.jpg\" alt=\"Hoverberget i bakgrunden\" width=\"604\" height=\"805\" \/><\/a><figcaption id=\"caption-attachment-1945\" class=\"wp-caption-text\">Hoverberget i bakgrunden<\/figcaption><\/figure>\n<p><strong>M\u00f6rkret kryper p\u00e5.\u00a0<\/strong>F\u00f6r sex \u00e5r sedan kom en fartd\u00e5re fr\u00e5n \u00c5re med full sladd. Han slog emot lyktstolpen s\u00e5 att armaturen skakade loss. V\u00e4gverket kom och tog reda p\u00e5 resterna och lovade s\u00e4tta upp ny armatur. \u00c4nnu ingen ny armatur. D\u00e4rf\u00f6r \u00e4r det riktigt m\u00f6rkt p\u00e5 kv\u00e4llen. Om man varit borta och gl\u00f6mt bort att t\u00e4nda ytterlampan \u00e4r det knepigt att hitta stugan, men det \u00e4r ju mitt fel, inte V\u00e4gverkets. \u00c5ker man dessutom taxi hem blir det \u00e4nnu sv\u00e5rare, s\u00e5 att s\u00e4ga&#8230;.<\/p>\n<p><strong>Ok, Granlunda, tack f\u00f6r i sommar. Nu drar jag.<\/strong><\/p>\n<p><a href=\"http:\/\/media1.anderstrense.se\/2015\/09\/Friidrott-terr\u00e4ng-Granlunda-003.jpg\"><img loading=\"lazy\" decoding=\"async\" class=\"aligncenter size-large wp-image-1934\" src=\"http:\/\/media1.anderstrense.se\/2015\/09\/Friidrott-terr\u00e4ng-Granlunda-003-1024x768.jpg\" alt=\"Friidrott+terr\u00e4ng+Granlunda 003\" width=\"604\" height=\"453\" \/><\/a><\/p>\n","protected":false},"excerpt":{"rendered":"<p>Enligt SMHI \u00e4r sommaren \u00f6ver nu.\u00a0Fr\u00e5gan \u00e4r n\u00e4r den b\u00f6rjade. Enligt samma SMHI var v\u00e5ren p\u00e5 g\u00e5ng i Ljungdalen i mitten av augusti. Enligt gamla Pohlman var ett mannaminne h\u00f6gst fem \u00e5r, \u00e5tminstone n\u00e4r det g\u00e4ller v\u00e4dret. Kort sagt har vi redan nu b\u00f6rjat gl\u00f6mma sommaren -15. Nu f\u00e5r vi b\u00f6rja klaga p\u00e5 h\u00f6sten och &hellip; <a href=\"https:\/\/anderstrense.se\/?p=1926\" class=\"more-link\">Forts\u00e4tt l\u00e4sa <span class=\"screen-reader-text\">Bokslut &#8211; Sommaren &#8211; Granlunda<\/span> <span class=\"meta-nav\">&rarr;<\/span><\/a><\/p>\n","protected":false},"author":2,"featured_media":0,"comment_status":"open","ping_status":"closed","sticky":false,"template":"","format":"standard","meta":{"footnotes":""},"categories":[3],"tags":[],"class_list":["post-1926","post","type-post","status-publish","format-standard","hentry","category-osorterat"],"_links":{"self":[{"href":"https:\/\/anderstrense.se\/index.php?rest_route=\/wp\/v2\/posts\/1926","targetHints":{"allow":["GET"]}}],"collection":[{"href":"https:\/\/anderstrense.se\/index.php?rest_route=\/wp\/v2\/posts"}],"about":[{"href":"https:\/\/anderstrense.se\/index.php?rest_route=\/wp\/v2\/types\/post"}],"author":[{"embeddable":true,"href":"https:\/\/anderstrense.se\/index.php?rest_route=\/wp\/v2\/users\/2"}],"replies":[{"embeddable":true,"href":"https:\/\/anderstrense.se\/index.php?rest_route=%2Fwp%2Fv2%2Fcomments&post=1926"}],"version-history":[{"count":0,"href":"https:\/\/anderstrense.se\/index.php?rest_route=\/wp\/v2\/posts\/1926\/revisions"}],"wp:attachment":[{"href":"https:\/\/anderstrense.se\/index.php?rest_route=%2Fwp%2Fv2%2Fmedia&parent=1926"}],"wp:term":[{"taxonomy":"category","embeddable":true,"href":"https:\/\/anderstrense.se\/index.php?rest_route=%2Fwp%2Fv2%2Fcategories&post=1926"},{"taxonomy":"post_tag","embeddable":true,"href":"https:\/\/anderstrense.se\/index.php?rest_route=%2Fwp%2Fv2%2Ftags&post=1926"}],"curies":[{"name":"wp","href":"https:\/\/api.w.org\/{rel}","templated":true}]}}