{"id":1870,"date":"2015-08-26T10:26:26","date_gmt":"2015-08-26T09:26:26","guid":{"rendered":"http:\/\/anderstrense.se\/?p=1870"},"modified":"2015-08-26T10:26:26","modified_gmt":"2015-08-26T09:26:26","slug":"den-langa-farden-eller-med-livet-som-insats","status":"publish","type":"post","link":"https:\/\/anderstrense.se\/?p=1870","title":{"rendered":"Den l\u00e5nga f\u00e4rden eller Med livet som insats"},"content":{"rendered":"<p><strong><a href=\"http:\/\/media1.anderstrense.se\/2015\/08\/IMG_0023.jpg\"><br \/>\n<\/a>V\u00e5gen som kom emot oss var enorm. N\u00e4r den var fem meter framf\u00f6r kajaken, som jag satt i, skymde den himlen. Min enda tanke var: Det h\u00e4r \u00f6verlever jag aldrig.<\/strong><\/p>\n<p>Leif \u00e4r en av mina genuina gamla v\u00e4nner. Han \u00e4r f\u00f6dd vid H\u00f6ga Kusten s\u00f6der om \u00d6rnsk\u00f6ldsvik och tillbringar sina somrar d\u00e4r. Leif k\u00e4nner till alla \u00f6ar, holmar, vikar, fj\u00e4rdar, grynnor samt otaliga historier om h\u00e4ndelser p\u00e5 sj\u00f6n l\u00e5ngt tillbaka. Han har paddlat kajak i hela sitt liv. Nu skulle det \u00e4ntligen bli av, turen vi pratat om s\u00e5 m\u00e5nga \u00e5r, men aldrig genomf\u00f6rt. Jag har v\u00e4xt upp p\u00e5 somrarna i ett fiskel\u00e4ger i Norra Uppland och vet ganska mycket om havet, men paddla kajak har jag aldrig gjort. Efter en grundlig genomg\u00e5ng p\u00e5 tolv minuter&#8230;&#8230;om att paddla kajak, gav vi oss iv\u00e4g.<\/p>\n<p><a href=\"http:\/\/media1.anderstrense.se\/2015\/08\/IMG_0003.jpg\"><img loading=\"lazy\" decoding=\"async\" class=\"aligncenter size-large wp-image-1875\" src=\"http:\/\/media1.anderstrense.se\/2015\/08\/IMG_0003-1024x768.jpg\" alt=\"IMG_0003\" width=\"604\" height=\"453\" \/><\/a>Underbar start. Fantastiskt v\u00e4der. Redan efter n\u00e5gra paddeltag k\u00e4nde jag den r\u00e4tta rytmen. Det h\u00e4r gick ju l\u00e4tt som en pl\u00e4tt. Nu f\u00f6rst\u00e5r jag namnet H\u00f6ga Kusten. \u00d6arna \u00e4r h\u00f6ga och stupar ibland rakt ned mot havet. D\u00e4r skall man inte g\u00e5 iland, r\u00e4ttare sagt , det g\u00e5r inte, n\u00e4r havet med v\u00e5ldsam kraft bryter mot de r\u00f6da stenv\u00e4ggarna.<\/p>\n<p><strong>Vi kom ut p\u00e5 de st\u00f6rre fj\u00e4rdarna och vinden tilltog.<\/strong> Motvinden gjorde att man m\u00e5ste h\u00e5lla ig\u00e5ng paddlingen hela tiden, annars flyter man bak\u00e5t. Rakt fram l\u00e5g en \u00f6 d\u00e4r vi skulle rasta. Efter en stund undrade jag om n\u00e5gon flyttade \u00f6n bak\u00e5t, eftersom den l\u00e5g lika l\u00e5ngt bort hela tiden. Det gjorde inte n\u00e5gon f\u00f6r till slut var vi framme. H\u00e4r var vi i l\u00e4 f\u00f6r vinden och fick en sk\u00f6n vila. Leif \u00e4r diabetiker och m\u00e5ste h\u00e5lla stenkoll p\u00e5 sina v\u00e4rden. Till det viktiga h\u00f6r att inte slarva med matintaget samt att kolla niv\u00e5n p\u00e5 insulinet.\u00a0\u00a0 \u00a0 \u00a0 \u00a0 \u00a0 \u00a0 \u00a0 \u00a0 \u00a0 \u00a0 \u00a0 \u00a0 \u00a0 \u00a0 \u00a0 \u00a0 \u00a0 \u00a0 \u00a0 \u00a0 \u00a0 \u00a0 \u00a0 \u00a0 \u00a0 \u00a0 \u00a0 \u00a0 \u00a0 \u00a0 \u00a0 \u00a0 \u00a0 \u00a0 \u00a0 \u00a0 \u00a0 \u00a0 \u00a0 \u00a0 \u00a0 \u00a0 \u00a0 \u00a0 \u00a0 \u00a0 \u00a0 \u00a0 \u00a0 \u00a0 \u00a0 \u00a0 \u00a0 \u00a0 \u00a0 \u00a0 \u00a0 \u00a0 \u00a0 \u00a0 \u00a0 \u00a0 \u00a0 \u00a0 \u00a0 \u00a0 \u00a0 \u00a0 \u00a0 \u00a0 \u00a0 \u00a0 \u00a0 \u00a0 \u00a0 \u00a0 \u00a0 \u00a0 \u00a0 \u00a0 \u00a0 \u00a0 \u00a0 \u00a0<a href=\"http:\/\/media1.anderstrense.se\/2015\/08\/IMG_0020.jpg\"><img loading=\"lazy\" decoding=\"async\" class=\"aligncenter size-large wp-image-1881\" src=\"http:\/\/media1.anderstrense.se\/2015\/08\/IMG_0020-1024x768.jpg\" alt=\"IMG_0020\" width=\"604\" height=\"453\" \/><\/a>H\u00e4r har Leif &#8221;stuckit sig i fingret&#8221; och konstaterat att allt \u00e4r ok, \u00e4ven om han ser lite grinig ut.<\/p>\n<p><strong>Att runda en udde.\u00a0<\/strong>N\u00e4r vi kom ut p\u00e5 n\u00e4sta fj\u00e4rd bl\u00e5ste det upp ordentligt. L\u00e5ngt borta syntes en udde. N\u00e4r vi kommer dit \u00e4r vi framme, skrek Leif. Efter en halvtimme kom n\u00e4sta hojtande:<br \/>\n&#8211; Roderhaveri! Du ser sk\u00e4ret till h\u00f6ger. Paddla h\u00e5rt med babords paddel s\u00e5 vi kommer i l\u00e4 bakom sk\u00e4ret.<br \/>\nJag lyckades med man\u00f6vern och h\u00f6ll kajaken stilla intill sk\u00e4ret tills Leif lagat rodret. Sen bar det av igen. Att n\u00e5 en udde \u00e4r ungef\u00e4r lika som att n\u00e5 n\u00e4sta topp, n\u00e4r man fj\u00e4llvandrar. Det kommer en ny topp eller i detta fall, en ny udde. Vinden l\u00e5g p\u00e5 och jag b\u00f6rjade bli tr\u00f6tt, vilket jag naturligtvis inte sa till Leif, n\u00e4r han fr\u00e5gade. Har man spelat korpfotboll tillsammans och aldrig klagat, kunde man ju inte b\u00f6rja nu. Precis n\u00e4r jag k\u00e4nde mj\u00f6lksyran i armarna rundade vi den sista udden och en underbar vik med sandstrand \u00a0och blankvatten uppenbarade sig. Som sagt, Leif visste var han hade sina smultronst\u00e4llen.<\/p>\n<p><a href=\"http:\/\/media1.anderstrense.se\/2015\/08\/IMG_0007-e1440355484869.jpg\"><img loading=\"lazy\" decoding=\"async\" class=\"aligncenter size-large wp-image-1887\" src=\"http:\/\/media1.anderstrense.se\/2015\/08\/IMG_0007-e1440355484869-768x1024.jpg\" alt=\"IMG_0007\" width=\"604\" height=\"805\" \/><\/a><\/p>\n<p><strong>Sova i t\u00e4lt \u00e4r underbart, men v\u00e4gen dit \u00e4r jobbigt, \u00e5tminstone om man \u00e4r 76 \u00e5r.\u00a0<\/strong>Jag har ett j\u00e4ttefint tunnelt\u00e4lt. Det f\u00e5r vara hur fint som helst, men att krypa in och ut i ett t\u00e4lt kr\u00e4ver en ung kropp. Om denna kropp dessutom vill kissa tre g\u00e5nger under natten f\u00f6rstoras problemen. Tack vare en fin kompis med n\u00e4stan samma problem, kan man koppla p\u00e5 galghumorn, skratta \u00e5t el\u00e4ndet och tjura p\u00e5.<br \/>\nVi hade i alla fall fina kv\u00e4llar vid l\u00e4gerelden, n\u00e4r vi l\u00f6ste v\u00e4rldsproblemen. Dessutom hann vi igenom m\u00e5nga elever som satt sig kvar i minnet hos oss. Det var allts\u00e5 de st\u00f6kiga och uppk\u00e4ftiga. P\u00e5 n\u00e5got vis blir det med tidens g\u00e5ng de som satte lite f\u00e4rg p\u00e5 vardagen i skolan. Till saken h\u00f6r ju ocks\u00e5 att alla blev som folk med tiden.<\/p>\n<p><strong>Ny dag med str\u00e5lande v\u00e4der, men vinden \u00f6kade \u00e4nnu mer och fj\u00e4rdarna blev st\u00f6rre. Dessutom n\u00e4rmade vi oss \u00f6ppna havet.\u00a0<\/strong>F\u00f6rsta fj\u00e4rden gick ok. Vi siktade in oss p\u00e5 en \u00f6, d\u00e4r vi skulle vila i kajakerna, innan vi utmanade den stora fj\u00e4rden med \u00f6ppet hav framf\u00f6r oss. M\u00e5let var Ulv\u00f6n, som s\u00e4ker m\u00e5nga k\u00e4nner till. Ulv\u00f6n \u00e4r egentligen tv\u00e5 stora \u00f6ar. De skiljs \u00e5t av ett litet sund, som m\u00e4nniskorna uppt\u00e4ckte f\u00f6r m\u00e5nga \u00e5r sedan. Eftersom sundet\/viken ligger helt skyddat fr\u00e5n havets stormar v\u00e4xte d\u00e4r upp ett fiskel\u00e4ger, som v\u00e4xte till ett samh\u00e4lle med skola, kyrka och allt som h\u00f6r ett samh\u00e4lle till. Nu \u00e4r den epoken sedan l\u00e4nge slut, men det mesta \u00e4r bevarat vilket g\u00f6r att turisterna s\u00f6ker sig hit.<\/p>\n<p><strong>Vi vilade en stund sen rundade vi udden och drog efter andan.\u00a0<\/strong>Det var nu jag trodde att jag snart skulle kila vidare. Av naturliga sk\u00e4l har jag inget foto av v\u00e5gorna, men stora var dom. Efter en stund best\u00e4mde Leif att vi skulle v\u00e4nda tillbaka bakom \u00f6n. Enligt honom var det ingen fara alls, men han ville v\u00e4l inte skr\u00e4mma livet ur mig. Sen visste han att om vi v\u00e4ntade n\u00e5gra timmar skulle bl\u00e5sten avta. Vi gick iland, \u00e5t lite och gjorde en promenad till toppen av \u00f6n. Det h\u00e4r var en liten \u00f6, men \u00e4nd\u00e5 ganska h\u00f6g.<\/p>\n<p><a href=\"http:\/\/media1.anderstrense.se\/2015\/08\/IMG_0016.jpg\"><img loading=\"lazy\" decoding=\"async\" class=\"aligncenter size-large wp-image-1899\" src=\"http:\/\/media1.anderstrense.se\/2015\/08\/IMG_0016-1024x768.jpg\" alt=\"IMG_0016\" width=\"604\" height=\"453\" \/><\/a><\/p>\n<p>I bakgrunden syns Ulv\u00f6n och havet.<\/p>\n<p><strong>Tre timmar senare var det dags igen.\u00a0<\/strong>Jag tyckte nog att v\u00e5gorna var lika stora, men uppt\u00e4ckte efter en stund att kajaken klarade den fint. Den kl\u00e4ttrade uppf\u00f6r v\u00e5gen som en kork, varefter vi surfade utf\u00f6r s\u00e5 det s\u00f6g i magen. Ibland gick v\u00e5gen \u00f6ver hela kajaken, men det var inga problem eftersom kajaken inte tar in vatten. Leif och jag blev rej\u00e4lt bl\u00f6ta, men vadd\u00e5, vi var ju p\u00e5 havet.<br \/>\nTill slut n\u00e5dde vi \u00f6ppningen in mot Ulv\u00f6n. Vi var mycket tr\u00f6tta, men bel\u00f6ningen var fantastisk. Pl\u00f6tsligt blev allt lugnt. Vi gled sakta fram\u00e5t och vilade blicken p\u00e5 den vackra vyn som Ulv\u00f6n erbjuder.<\/p>\n<p><a href=\"http:\/\/media1.anderstrense.se\/2015\/08\/IMG_0018.jpg\"><img loading=\"lazy\" decoding=\"async\" class=\"aligncenter size-large wp-image-1903\" src=\"http:\/\/media1.anderstrense.se\/2015\/08\/IMG_0018-1024x768.jpg\" alt=\"IMG_0018\" width=\"604\" height=\"453\" \/><\/a><br \/>\nVi satte upp t\u00e4ltet p\u00e5 den s\u00f6dra Ulv\u00f6n. D\u00e4r vilade vi ut och s\u00e5g ljusen t\u00e4ndas p\u00e5 den motsatta stranden. N\u00e4sta dag skulle vi bes\u00f6ka Ulv\u00f6ns fiskel\u00e4ger, f\u00f6r att d\u00e4refter v\u00e4nda hem\u00e5t.<\/p>\n<p><strong>Ulv\u00f6n, en bed\u00e5rande plats.\u00a0<\/strong>Att promenera l\u00e4ngs &#8221;Main Street&#8221; i detta fiskel\u00e4ger \u00e4r en sk\u00f6n upplevelse. Just nu bygger man upp ett museum \u00f6ver gamla tider som h\u00e5ller h\u00f6g klass. Eftersom jag sj\u00e4lv v\u00e4xt upp p\u00e5 somrarna i samma milj\u00f6 vid Upplandskusten, kom m\u00e5nga minnen tillbaka. Jag l\u00e5ter bilderna tala f\u00f6r sig sj\u00e4lv.<\/p>\n<p><a href=\"http:\/\/media1.anderstrense.se\/2015\/08\/IMG_0021.jpg\"><img loading=\"lazy\" decoding=\"async\" class=\"aligncenter size-large wp-image-1907\" src=\"http:\/\/media1.anderstrense.se\/2015\/08\/IMG_0021-1024x768.jpg\" alt=\"IMG_0021\" width=\"604\" height=\"453\" \/><\/a><a href=\"http:\/\/media1.anderstrense.se\/2015\/08\/IMG_0022.jpg\"><img loading=\"lazy\" decoding=\"async\" class=\"aligncenter size-large wp-image-1909\" src=\"http:\/\/media1.anderstrense.se\/2015\/08\/IMG_0022-1024x768.jpg\" alt=\"IMG_0022\" width=\"604\" height=\"453\" \/><\/a><br \/>\n<a href=\"http:\/\/media1.anderstrense.se\/2015\/08\/IMG_0023.jpg\"><img loading=\"lazy\" decoding=\"async\" class=\"aligncenter size-large wp-image-1910\" src=\"http:\/\/media1.anderstrense.se\/2015\/08\/IMG_0023-1024x768.jpg\" alt=\"IMG_0023\" width=\"604\" height=\"453\" \/><\/a><a href=\"http:\/\/media1.anderstrense.se\/2015\/08\/IMG_0024.jpg\"><img loading=\"lazy\" decoding=\"async\" class=\"aligncenter size-large wp-image-1911\" src=\"http:\/\/media1.anderstrense.se\/2015\/08\/IMG_0024-1024x768.jpg\" alt=\"IMG_0024\" width=\"604\" height=\"453\" \/><\/a><\/p>\n<p><strong>Pl\u00f6tsligt gick brandlarmet.\u00a0<\/strong>Vi hade precis satt oss i kajaken och b\u00f6rjat paddla. F\u00f6rst trodde vi att det var en avskedsh\u00e4lsning f\u00f6r oss&#8230;&#8230;f\u00f6rklaringen kom senare. Nu gick vi ut p\u00e5 den \u00f6stra sidan av Ulv\u00f6n. H\u00e4r m\u00f6tte vi \u00f6ppna havet och det k\u00e4ndes. Skillnaden var att nu fick vi direkt medvind s.k. l\u00e4ns. Kajaken lyfte och sk\u00f6t sedan fram\u00e5t med en hejdundrande fart. Leif fick slita bra med rodret f\u00f6r att h\u00e5lla kajaken rakt fram\u00e5t, men fort gick det. Vi s\u00e5g Ulv\u00f6n till v\u00e4nster och nu kom f\u00f6rklaringen till larmet. Det brann f\u00f6r fullt i skogen! Jag lyckades f\u00e5 upp kameran och tog en bild av r\u00f6kutvecklingen.<\/p>\n<p><a href=\"http:\/\/media1.anderstrense.se\/2015\/08\/IMG_0026.jpg\"><img loading=\"lazy\" decoding=\"async\" class=\"aligncenter size-large wp-image-1916\" src=\"http:\/\/media1.anderstrense.se\/2015\/08\/IMG_0026-1024x768.jpg\" alt=\"IMG_0026\" width=\"604\" height=\"453\" \/><\/a><\/p>\n<p><strong>Efter n\u00e5gra timmar rundade vi Ulv\u00f6ns spets och kom in i den vackraste av vikar.<\/strong> Den h\u00e4r stranden kunde gott konkurrera med den finaste beach p\u00e5 Costa Blanca. Det blev en perfekt avslutning p\u00e5 Den l\u00e5nga f\u00e4rden och med livet i beh\u00e5ll. N\u00e4stan vindstilla och en formidabel solnedg\u00e5ng.<\/p>\n<p><a href=\"http:\/\/media1.anderstrense.se\/2015\/08\/IMG_0029.jpg\"><img loading=\"lazy\" decoding=\"async\" class=\"aligncenter size-large wp-image-1921\" src=\"http:\/\/media1.anderstrense.se\/2015\/08\/IMG_0029-1024x768.jpg\" alt=\"IMG_0029\" width=\"604\" height=\"453\" \/><\/a><\/p>\n<p><strong>Sista dagen blev en sk\u00f6n paddling med en svag vind i ryggen.\u00a0<\/strong>Vi f\u00f6ljde stranden l\u00e4ngs flera \u00f6ar. Leif ber\u00e4ttade historien bakom alla \u00f6ar. Industrier som f\u00f6rsvunnit och dramatiska h\u00e4ndelser f\u00f6r m\u00e5nga \u00e5rtionden sedan i samband med h\u00f6st- och vinterstormar. N\u00e4r kajaken sk\u00f6t upp p\u00e5 sista stranden var det sv\u00e5rt att stiga upp. Mycket f\u00f6r en v\u00e4rkande rygg, men mest f\u00f6r motst\u00e5ndet att avsluta \u00e4ventyret.<\/p>\n<p>&nbsp;<\/p>\n<p>&nbsp;<\/p>\n<p>&nbsp;<\/p>\n","protected":false},"excerpt":{"rendered":"<p>V\u00e5gen som kom emot oss var enorm. N\u00e4r den var fem meter framf\u00f6r kajaken, som jag satt i, skymde den himlen. Min enda tanke var: Det h\u00e4r \u00f6verlever jag aldrig. Leif \u00e4r en av mina genuina gamla v\u00e4nner. Han \u00e4r f\u00f6dd vid H\u00f6ga Kusten s\u00f6der om \u00d6rnsk\u00f6ldsvik och tillbringar sina somrar d\u00e4r. Leif k\u00e4nner till &hellip; <a href=\"https:\/\/anderstrense.se\/?p=1870\" class=\"more-link\">Forts\u00e4tt l\u00e4sa <span class=\"screen-reader-text\">Den l\u00e5nga f\u00e4rden eller Med livet som insats<\/span> <span class=\"meta-nav\">&rarr;<\/span><\/a><\/p>\n","protected":false},"author":2,"featured_media":0,"comment_status":"open","ping_status":"closed","sticky":false,"template":"","format":"standard","meta":{"footnotes":""},"categories":[3],"tags":[],"class_list":["post-1870","post","type-post","status-publish","format-standard","hentry","category-osorterat"],"_links":{"self":[{"href":"https:\/\/anderstrense.se\/index.php?rest_route=\/wp\/v2\/posts\/1870","targetHints":{"allow":["GET"]}}],"collection":[{"href":"https:\/\/anderstrense.se\/index.php?rest_route=\/wp\/v2\/posts"}],"about":[{"href":"https:\/\/anderstrense.se\/index.php?rest_route=\/wp\/v2\/types\/post"}],"author":[{"embeddable":true,"href":"https:\/\/anderstrense.se\/index.php?rest_route=\/wp\/v2\/users\/2"}],"replies":[{"embeddable":true,"href":"https:\/\/anderstrense.se\/index.php?rest_route=%2Fwp%2Fv2%2Fcomments&post=1870"}],"version-history":[{"count":0,"href":"https:\/\/anderstrense.se\/index.php?rest_route=\/wp\/v2\/posts\/1870\/revisions"}],"wp:attachment":[{"href":"https:\/\/anderstrense.se\/index.php?rest_route=%2Fwp%2Fv2%2Fmedia&parent=1870"}],"wp:term":[{"taxonomy":"category","embeddable":true,"href":"https:\/\/anderstrense.se\/index.php?rest_route=%2Fwp%2Fv2%2Fcategories&post=1870"},{"taxonomy":"post_tag","embeddable":true,"href":"https:\/\/anderstrense.se\/index.php?rest_route=%2Fwp%2Fv2%2Ftags&post=1870"}],"curies":[{"name":"wp","href":"https:\/\/api.w.org\/{rel}","templated":true}]}}