{"id":1794,"date":"2015-03-18T17:02:56","date_gmt":"2015-03-18T16:02:56","guid":{"rendered":"http:\/\/anderstrense.se\/?p=1794"},"modified":"2015-03-18T17:02:56","modified_gmt":"2015-03-18T16:02:56","slug":"epoken-spanien-slut","status":"publish","type":"post","link":"https:\/\/anderstrense.se\/?p=1794","title":{"rendered":"Epoken Spanien slut"},"content":{"rendered":"<p><strong>Egentligen tog det slut den 10 mars f\u00f6rra \u00e5ret<\/strong>. \u00a0Jag har beh\u00e5llet v\u00e5rt hem i drygt ett \u00e5r nu. Mycket f\u00f6r att inte g\u00f6ra n\u00e5got f\u00f6rhastat, men nu \u00e4r det s\u00e5lt. Epok \u00e4r kanske ett \u00f6verdrivit ord, men f\u00f6r mig och Margareta var det en epok. Det var v\u00e5r grej, inte min.<\/p>\n<p><strong>Att s\u00e4lja var inga problem alls<\/strong>. Det florerar s\u00e5 m\u00e5nga rykten, speciellt i Sverige, om krisen i Spanien. Visst har det varit och \u00e4r fortfarande sv\u00e5ra tider i Spanien. Felet \u00e4r bara att de flesta s\u00e4ger Spanien och drar allt \u00f6ver en kam. Ta bara &#8221;min&#8221; stad, Torrevieja. N\u00e4r arbetsl\u00f6sheten var som v\u00e4rst i Spanien (genomsnittet f\u00f6r hela landet) l\u00e5g den p\u00e5 27% (nu 22%). Torrevieja hade d\u00e5 12% arbetsl\u00f6shet. Varf\u00f6r? Jo, staden ligger vid den popul\u00e4ra kusten Costa Blanca (den vita kusten). H\u00e4r finns mycket turister, men \u00e4ven spanjorerna sj\u00e4lva, s\u00e4rskilt Madridborna \u00e5ker g\u00e4rna till Torre p\u00e5 semester, ja de k\u00f6per hus ocks\u00e5. Med andra ord, det beh\u00f6vs restauranger, bost\u00e4der, \u00f6kad service och d\u00e5 kommer jobben. Dessutom \u00e4r det &#8221;enkla&#8221; jobb, som inte kr\u00e4ver l\u00e5ng utbildning.<\/p>\n<p><strong>Aprop\u00e5 s\u00e4lja hus.\u00a0<\/strong>Har ni t\u00e4nkt p\u00e5 s\u00e5 stora skillnader det kan vara i utg\u00e5ngsl\u00e4get? De som k\u00f6pte var 41 \u00e5r. De ins\u00e5g naturligtvis att de om 20 \u00e5r skulle f\u00e5 &#8211; kanske det dubbla. D\u00e5 \u00e4r jag 96 \u00e5r. Visserligen s\u00e4ger alla att jag ser s\u00e5 ung ut (??!!), men om 20 \u00e5r \u00e4r det nog k\u00f6rt med den ungdomen. De kan ju v\u00e4nta tills de \u00e4r 76 \u00e5r, som jag \u00e4r nu. D\u00e5 \u00e4r jag 111 \u00e5r, mina barn \u00e4r 83 \u00e5r, 86 \u00e5r och 88 \u00e5r. \u00a0De brukar inte l\u00e4sa min blogg, men hajar nog till inf\u00f6r dessa siffror.<\/p>\n<p><strong>Nu har jag lite \u00f6ver, pengar allts\u00e5, men har hela tiden d\u00e5ligt samvete.\u00a0<\/strong>Konstigt? Nej, f\u00f6rklaringen \u00e4r enkel. Vi hade levt 57 \u00e5r tillsammans, fostrat tre barn och hela tiden f\u00e5tt vara f\u00f6rsiktiga med slantarna f\u00f6r att det skulle g\u00e5 ihop. Jag tror de flesta familjer i v\u00e5r generation k\u00e4nner igen sig. Vi har haft det bra och tryggt i Sverige, men inte har vi f\u00e5tt s\u00e5 mycket \u00f6ver. Nu har jag pl\u00f6tsligt n\u00e5got \u00f6ver, men hon som k\u00e4mpade mest f\u00e5r ingenting. Vi skulle ju njuta av det h\u00e4r tillsammans. D\u00e4rf\u00f6r har jag d\u00e5ligt samvete. \u00c4r l\u00f6sningen Matteus 19:17-19,21?<\/p>\n<p><strong>Och forts\u00e4ttningen?\u00a0<\/strong>\u00c4rligt talat, jag vet inte. Jag t\u00e4nker vara i Granlunda hela sommaren. Min \u00e4lskade plastbroscha G\u00f6ran f\u00f6ljer med, som f\u00f6rra sommaren. Mina f\u00f6r\u00e4ldrar tog hand om G\u00f6ran n\u00e4r han var 17 \u00e5r. Han hade ingen, absolut ingen. Han hade levt p\u00e5 institution s\u00e5 gott som hela livet. Han har en utvecklingsst\u00f6rning med vissa talbesv\u00e4r, vilket gjorde att man \u00f6verdrev hans handikapp och missf\u00f6rstod honom. Jag var 21 \u00e5r d\u00e5 och vi blev b\u00e4sta kompisar och det har vi varit sedan dess. G\u00f6ran fick ett hem, en familj. Det gick bara n\u00e5gra m\u00e5nader s\u00e5 var han en helt annan kille. F\u00f6r mina s\u00f6ner \u00e4r han lika viktig som jag \u00e4r. N\u00e4r Margareta gick bort \u00e5kte en av grabbarna till G\u00f6ran och ber\u00e4ttade vad som h\u00e4nt. En l\u00e5ng stund var han tyst sen sa han: Hur m\u00e5r Anders? Det h\u00e4r \u00e5ret har G\u00f6ran varit ett stort st\u00f6d f\u00f6r mig.<\/p>\n<p><strong>Jag har tvivlat l\u00e4nge, men livet g\u00e5r vidare. Mycket tack vare alla v\u00e4nner runt mig.<\/strong><\/p>\n<p>&nbsp;<\/p>\n<p>&nbsp;<\/p>\n<p>&nbsp;<\/p>\n","protected":false},"excerpt":{"rendered":"<p>Egentligen tog det slut den 10 mars f\u00f6rra \u00e5ret. \u00a0Jag har beh\u00e5llet v\u00e5rt hem i drygt ett \u00e5r nu. Mycket f\u00f6r att inte g\u00f6ra n\u00e5got f\u00f6rhastat, men nu \u00e4r det s\u00e5lt. Epok \u00e4r kanske ett \u00f6verdrivit ord, men f\u00f6r mig och Margareta var det en epok. Det var v\u00e5r grej, inte min. Att s\u00e4lja var &hellip; <a href=\"https:\/\/anderstrense.se\/?p=1794\" class=\"more-link\">Forts\u00e4tt l\u00e4sa <span class=\"screen-reader-text\">Epoken Spanien slut<\/span> <span class=\"meta-nav\">&rarr;<\/span><\/a><\/p>\n","protected":false},"author":2,"featured_media":0,"comment_status":"open","ping_status":"closed","sticky":false,"template":"","format":"standard","meta":{"footnotes":""},"categories":[3],"tags":[],"class_list":["post-1794","post","type-post","status-publish","format-standard","hentry","category-osorterat"],"_links":{"self":[{"href":"https:\/\/anderstrense.se\/index.php?rest_route=\/wp\/v2\/posts\/1794","targetHints":{"allow":["GET"]}}],"collection":[{"href":"https:\/\/anderstrense.se\/index.php?rest_route=\/wp\/v2\/posts"}],"about":[{"href":"https:\/\/anderstrense.se\/index.php?rest_route=\/wp\/v2\/types\/post"}],"author":[{"embeddable":true,"href":"https:\/\/anderstrense.se\/index.php?rest_route=\/wp\/v2\/users\/2"}],"replies":[{"embeddable":true,"href":"https:\/\/anderstrense.se\/index.php?rest_route=%2Fwp%2Fv2%2Fcomments&post=1794"}],"version-history":[{"count":0,"href":"https:\/\/anderstrense.se\/index.php?rest_route=\/wp\/v2\/posts\/1794\/revisions"}],"wp:attachment":[{"href":"https:\/\/anderstrense.se\/index.php?rest_route=%2Fwp%2Fv2%2Fmedia&parent=1794"}],"wp:term":[{"taxonomy":"category","embeddable":true,"href":"https:\/\/anderstrense.se\/index.php?rest_route=%2Fwp%2Fv2%2Fcategories&post=1794"},{"taxonomy":"post_tag","embeddable":true,"href":"https:\/\/anderstrense.se\/index.php?rest_route=%2Fwp%2Fv2%2Ftags&post=1794"}],"curies":[{"name":"wp","href":"https:\/\/api.w.org\/{rel}","templated":true}]}}