{"id":1765,"date":"2015-01-03T12:24:17","date_gmt":"2015-01-03T11:24:17","guid":{"rendered":"http:\/\/anderstrense.se\/?p=1765"},"modified":"2015-01-03T12:24:17","modified_gmt":"2015-01-03T11:24:17","slug":"en-fin-jul-ett-gott-nyar-men-manga-tarar","status":"publish","type":"post","link":"https:\/\/anderstrense.se\/?p=1765","title":{"rendered":"En fin jul, ett gott ny\u00e5r, men m\u00e5nga t\u00e5rar"},"content":{"rendered":"<p><strong>F\u00f6rsta julen utan Margareta.\u00a0<\/strong>Jag visste att det skulle bli sv\u00e5rt. Det blev det, men inte nattsvart. Det handlar om att f\u00f6rbereda sig, att planera. Viktigast \u00e4r att omge sig med barn, barnbarn och \u00e4kta v\u00e4nner. Alla har hj\u00e4lpt till, jag har inte varit ensam en minut. Dock, fortfarande g\u00e4ller samma sak, sl\u00e4pp fram sorgen, l\u00e5t t\u00e5rarna fl\u00f6da &#8211; sen k\u00e4nns det b\u00e4ttre. N\u00e4r jag skriver detta gr\u00e5ter jag hela tiden, men vet att det l\u00e5ngsamt ljusnar. Det blir lite l\u00e4ngre mellan m\u00f6rkret f\u00f6r varje g\u00e5ng. Jag m\u00e4rker att jag nu ibland, kan prata minnen utan att gr\u00e5ta. Jag b\u00f6rjar inse att alla fina minnen inte skall handla om sorg, utan om gl\u00e4dje. T\u00e4nk att vi f\u00e5tt vara med om s\u00e5 mycket.<\/p>\n<p><strong>Hur g\u00e5r man vidare?\u00a0<\/strong>Jag vet inte, men du m\u00e5ste g\u00e5 vidare. Det \u00e4r din plikt mot livet, mot nyss n\u00e4mnda barn, barnbarn och \u00e4kta v\u00e4nner.<\/p>\n<p>&nbsp;<\/p>\n<p>&nbsp;<\/p>\n","protected":false},"excerpt":{"rendered":"<p>F\u00f6rsta julen utan Margareta.\u00a0Jag visste att det skulle bli sv\u00e5rt. Det blev det, men inte nattsvart. Det handlar om att f\u00f6rbereda sig, att planera. Viktigast \u00e4r att omge sig med barn, barnbarn och \u00e4kta v\u00e4nner. Alla har hj\u00e4lpt till, jag har inte varit ensam en minut. Dock, fortfarande g\u00e4ller samma sak, sl\u00e4pp fram sorgen, l\u00e5t &hellip; <a href=\"https:\/\/anderstrense.se\/?p=1765\" class=\"more-link\">Forts\u00e4tt l\u00e4sa <span class=\"screen-reader-text\">En fin jul, ett gott ny\u00e5r, men m\u00e5nga t\u00e5rar<\/span> <span class=\"meta-nav\">&rarr;<\/span><\/a><\/p>\n","protected":false},"author":2,"featured_media":0,"comment_status":"open","ping_status":"closed","sticky":false,"template":"","format":"standard","meta":{"footnotes":""},"categories":[3],"tags":[],"class_list":["post-1765","post","type-post","status-publish","format-standard","hentry","category-osorterat"],"_links":{"self":[{"href":"https:\/\/anderstrense.se\/index.php?rest_route=\/wp\/v2\/posts\/1765","targetHints":{"allow":["GET"]}}],"collection":[{"href":"https:\/\/anderstrense.se\/index.php?rest_route=\/wp\/v2\/posts"}],"about":[{"href":"https:\/\/anderstrense.se\/index.php?rest_route=\/wp\/v2\/types\/post"}],"author":[{"embeddable":true,"href":"https:\/\/anderstrense.se\/index.php?rest_route=\/wp\/v2\/users\/2"}],"replies":[{"embeddable":true,"href":"https:\/\/anderstrense.se\/index.php?rest_route=%2Fwp%2Fv2%2Fcomments&post=1765"}],"version-history":[{"count":0,"href":"https:\/\/anderstrense.se\/index.php?rest_route=\/wp\/v2\/posts\/1765\/revisions"}],"wp:attachment":[{"href":"https:\/\/anderstrense.se\/index.php?rest_route=%2Fwp%2Fv2%2Fmedia&parent=1765"}],"wp:term":[{"taxonomy":"category","embeddable":true,"href":"https:\/\/anderstrense.se\/index.php?rest_route=%2Fwp%2Fv2%2Fcategories&post=1765"},{"taxonomy":"post_tag","embeddable":true,"href":"https:\/\/anderstrense.se\/index.php?rest_route=%2Fwp%2Fv2%2Ftags&post=1765"}],"curies":[{"name":"wp","href":"https:\/\/api.w.org\/{rel}","templated":true}]}}