{"id":1747,"date":"2014-11-26T14:46:26","date_gmt":"2014-11-26T13:46:26","guid":{"rendered":"http:\/\/anderstrense.se\/?p=1747"},"modified":"2014-11-26T14:46:26","modified_gmt":"2014-11-26T13:46:26","slug":"snart-jul","status":"publish","type":"post","link":"https:\/\/anderstrense.se\/?p=1747","title":{"rendered":"Snart Jul"},"content":{"rendered":"<p><strong>Att klara det f\u00f6rsta \u00e5ret.\u00a0<\/strong>Alla s\u00e4ger, du m\u00e5ste klara det f\u00f6rsta \u00e5ret. Med det menas i f\u00f6rsta hand h\u00f6gtider, minnesdagar, inte s\u00e5 mycket vardagen. P\u00e5sken och Midsommar var s\u00e5 n\u00e4ra inp\u00e5, d\u00e5 var allt i kaos, \u00e4ven vardagen. L\u00e5ngsamt gick det b\u00e4ttre, men med djupa dalar. N\u00e4r jag kom hit till v\u00e5rt hem i Torrevieja (6\/10) blev allt svart. Utan alla v\u00e4nnerna h\u00e4r (och hemma) vet jag inte hur det skulle g\u00e5tt, men &#8211; l\u00e5ngsamt infann sig vardagen.<\/p>\n<p><strong>S\u00e5 kom Allhelgona. <\/strong>Hemma i Sverige lyser kyrkog\u00e5rdarna av alla ljus. Folk samlas och minns. Det \u00e4r en vacker h\u00f6gtid. Det passar in med ljus, n\u00e4r m\u00f6rkret f\u00f6r \u00f6vrigt dominerar. Jag har tidigare n\u00e4mnt att Svenska kyrkan har en mycket aktiv f\u00f6rsamling h\u00e4r i Torrevieja. Medel\u00e5ldern \u00e4r helt naturligt mycket h\u00f6g. M\u00e5nga \u00e4r i samma situation som jag \u00e4r. Oavsett om man \u00e4r troende eller ej ger den h\u00e4r gemenskapen st\u00f6d och inte minst gl\u00e4dje. H\u00e4r h\u00e4nder n\u00e5got n\u00e4stan varje dag.<\/p>\n<p><strong>Nu var det Allhelgona och Minnesgudstj\u00e4ns<\/strong>t. Ni vet, n\u00e4r man g\u00e5r fram och t\u00e4nder ett ljus f\u00f6r den eller de som l\u00e4mnat oss. De fanns inte en plats \u00f6ver i kyrkan. En nordisk k\u00f6r, C\u00f3ro N\u00f3rdico, sj\u00f6ng med en str\u00e5lande organist. Det var en mycket vacker och fin gudstj\u00e4nst och &#8211; det blev helt enkelt f\u00f6r mycket f\u00f6r mig. Jag gr\u00e4t hela gudstj\u00e4nsten. Mina v\u00e4nner h\u00f6ll om mig hela tiden.<\/p>\n<p><strong>N\u00e4stan alla hade n\u00e5gon att t\u00e4nda ett ljus f\u00f6r<\/strong>. Jag orkade n\u00e4stan inte g\u00e5 fram, utan fick hj\u00e4lp av en av v\u00e4nnerna. \u00a0Jag var helt slut i flera timmar efter\u00e5t. Varf\u00f6r ber\u00e4tta det h\u00e4r? Det hj\u00e4lper mig och kanske n\u00e5gon annan. Vi i Norden s\u00f6rjer g\u00e4rna inombords, i ensamhet. Sorgen m\u00e5ste ut, p\u00e5 det ena eller andra s\u00e4ttet. Jag citerar min gamla l\u00e4rare i psykologi p\u00e5 seminariet i Uppsala: Du kan inte d\u00e4mma Dal\u00e4lven.<\/p>\n<p><strong>Snart Jul.\u00a0<\/strong>V\u00e5r st\u00f6rsta h\u00f6gtid. \u00c4nnu en pr\u00f6vning, men p\u00e5 n\u00e5got vis k\u00e4nns det l\u00e4ttare efter varje g\u00e5ng.<\/p>\n","protected":false},"excerpt":{"rendered":"<p>Att klara det f\u00f6rsta \u00e5ret.\u00a0Alla s\u00e4ger, du m\u00e5ste klara det f\u00f6rsta \u00e5ret. Med det menas i f\u00f6rsta hand h\u00f6gtider, minnesdagar, inte s\u00e5 mycket vardagen. P\u00e5sken och Midsommar var s\u00e5 n\u00e4ra inp\u00e5, d\u00e5 var allt i kaos, \u00e4ven vardagen. L\u00e5ngsamt gick det b\u00e4ttre, men med djupa dalar. N\u00e4r jag kom hit till v\u00e5rt hem i Torrevieja &hellip; <a href=\"https:\/\/anderstrense.se\/?p=1747\" class=\"more-link\">Forts\u00e4tt l\u00e4sa <span class=\"screen-reader-text\">Snart Jul<\/span> <span class=\"meta-nav\">&rarr;<\/span><\/a><\/p>\n","protected":false},"author":2,"featured_media":0,"comment_status":"open","ping_status":"closed","sticky":false,"template":"","format":"standard","meta":{"footnotes":""},"categories":[3],"tags":[],"class_list":["post-1747","post","type-post","status-publish","format-standard","hentry","category-osorterat"],"_links":{"self":[{"href":"https:\/\/anderstrense.se\/index.php?rest_route=\/wp\/v2\/posts\/1747","targetHints":{"allow":["GET"]}}],"collection":[{"href":"https:\/\/anderstrense.se\/index.php?rest_route=\/wp\/v2\/posts"}],"about":[{"href":"https:\/\/anderstrense.se\/index.php?rest_route=\/wp\/v2\/types\/post"}],"author":[{"embeddable":true,"href":"https:\/\/anderstrense.se\/index.php?rest_route=\/wp\/v2\/users\/2"}],"replies":[{"embeddable":true,"href":"https:\/\/anderstrense.se\/index.php?rest_route=%2Fwp%2Fv2%2Fcomments&post=1747"}],"version-history":[{"count":0,"href":"https:\/\/anderstrense.se\/index.php?rest_route=\/wp\/v2\/posts\/1747\/revisions"}],"wp:attachment":[{"href":"https:\/\/anderstrense.se\/index.php?rest_route=%2Fwp%2Fv2%2Fmedia&parent=1747"}],"wp:term":[{"taxonomy":"category","embeddable":true,"href":"https:\/\/anderstrense.se\/index.php?rest_route=%2Fwp%2Fv2%2Fcategories&post=1747"},{"taxonomy":"post_tag","embeddable":true,"href":"https:\/\/anderstrense.se\/index.php?rest_route=%2Fwp%2Fv2%2Ftags&post=1747"}],"curies":[{"name":"wp","href":"https:\/\/api.w.org\/{rel}","templated":true}]}}