{"id":1677,"date":"2014-09-14T11:44:05","date_gmt":"2014-09-14T10:44:05","guid":{"rendered":"http:\/\/anderstrense.se\/?p=1677"},"modified":"2014-09-14T11:44:05","modified_gmt":"2014-09-14T10:44:05","slug":"ensam-bade-och","status":"publish","type":"post","link":"https:\/\/anderstrense.se\/?p=1677","title":{"rendered":"Ensam &#8211; b\u00e5de och"},"content":{"rendered":"<p>Att<strong> t\u00e4nda en eld.\u00a0<\/strong>Margareta och jag gick ofta ut till baksidan av huset (Granlunda). D\u00e4r har vi en eldstad, som Amanda och jag gjorde n\u00e4r hon var sju \u00e5r. \u00a0Runt eldstaden har vi lagt n\u00e5gra timmerstockar, som \u00e4r sk\u00f6na att sitta p\u00e5. Att sitta vid en eld eller ett rinnande vatten (eller b\u00e5dadera) \u00e4r oerh\u00f6rt rogivande. Eftersom teven ofta erbj\u00f6d sn\u00f6fall eller i b\u00e4sta fall en oklar bild var valet l\u00e4tt. Jag g\u00f6r detsamma denna sommar (nu h\u00f6st), men det \u00e4r inte detsamma. Det ger mig ro, visst, men ocks\u00e5 t\u00e5rar. M\u00f6rkret faller snabbt nu. Det blir kyligare och jag g\u00e5r in.<\/p>\n<p><strong>D\u00e5 ringer Bengan p\u00e5 skypen fr\u00e5n Torrevieja.\u00a0<\/strong>N\u00e4r kommer du? Vi v\u00e4ntar hela g\u00e4nget. Vi,\u00a0<strong>jag,\u00a0<\/strong>har m\u00e5nga g\u00e4ng d\u00e4rnere. Alla v\u00e4nnerna i v\u00e5rt (mitt) bostadsomr\u00e5de, urbanizacion, Larossa. Det klickar pl\u00f6tsligt fram ett mail fr\u00e5n Malc och Brenda, v\u00e5ra (mina) underbara engelska grannar. We all here look forward to seeing you, and I promise you, we wont mind you opening up when you feel like it. Ensam? \u00c4ldsta barnbarnet Paulina ringer fr\u00e5n Lule\u00e5. Hon \u00e4r nybakad idsrottsl\u00e4rare och har f\u00e5tt ett toppenjobb (tycker hon, l\u00e4rare?!). Jag har en grupp invandrarelever (Lule\u00e5&#8230;?). dom \u00e4r toppen. Efter lektionen st\u00e4ller dom upp och tackar f\u00f6r lektionen. Svenska skolan? Var det inte b\u00e4ttre f\u00f6rr?<\/p>\n<p><strong>Ensam i alla fall.\u00a0<\/strong>Det g\u00e5r att fiska ensam, inga problem, men &#8211; om du tagit upp en fin \u00f6ring och kommer hem &#8211; ingen att visa upp den f\u00f6r. Om du gjort en birdie p\u00e5 sexan, bra, men ingen att ber\u00e4tta det f\u00f6r. Det \u00e4r klart att du kan ber\u00e4tta f\u00f6r m\u00e5nga, men inte den som du helst ville ber\u00e4tta det f\u00f6r.\u00a0<strong>Det \u00e4r problemet och d\u00e5 kommer t\u00e5rarna.<\/strong><\/p>\n<p><strong>Jag st\u00f6tte ihop med en gammal v\u00e4n.\u00a0<\/strong>Hon f\u00f6rlorade ett av sina barn (vuxen, men \u00e4nd\u00e5 barn) f\u00f6r n\u00e5got \u00e5r sedan. Jag kommer aldrig \u00f6ver det, s\u00e4ger hon och gr\u00e5ter. Numera gr\u00e5ter jag bara n\u00e4r jag \u00e4r ensam, men ibland&#8230;Jo, jag vet, s\u00e4ger jag. Jag k\u00e4nner igen reaktionerna.<\/p>\n<p><strong>Fj\u00e4llv\u00e4rlden.\u00a0<\/strong> Den h\u00e4r veckan \u00e4r jag hos Mats i Gr\u00e4ft\u00e5vallen. Han bygger sportstuga h\u00e4r och jag hj\u00e4lper (??) honom. Det \u00e4r konstigt att jag blev s\u00e5 f\u00f6r\u00e4lskad i fj\u00e4llet. Jag f\u00f6ddes p\u00e5 Upplandssl\u00e4tten. Den enda backen att \u00e5ka utf\u00f6r i , var grusgropen i Sunnersta. I dag gjorde jag nytta genom att ta med hunden Poppe upp p\u00e5 fj\u00e4llet. En h\u00e4rlig morgon som lovade mycket. Det bl\u00e5ste en svag vind, lite kyligt i luften, men sk\u00f6nt. Egentligen \u00e4r denna tid, snart mitten av september, den b\u00e4sta. F\u00e4rgerna b\u00f6rjar bli fantastiska och inte en mygg. Det \u00e4r helt klart p\u00e5 fj\u00e4llet, men i dalen ligger dimmorna kvar. Framf\u00f6r oss ser jag tv\u00e5 ripj\u00e4gare. L\u00e4ngre upp st\u00f6ter vi p\u00e5 ren. Poppe stelnar till, men slappnar av.<\/p>\n<p><strong>Efter n\u00e5gra timmar har solen besegrat dimmor och l\u00e4tta moln.<\/strong> Jag sitter ner och betraktar utsikten. Storsj\u00f6n dominerar med sina vackra \u00f6ar. Lite till v\u00e4nster skymtar Fr\u00f6s\u00f6n. Det bl\u00e4nker till fr\u00e5n ett plan som skall landa. Masten i Brunflo samt vindsnurran i K\u00f6vra, g\u00f6r det l\u00e4tt att orientera sig. I sydost reser sig Hoverberget, som jag f\u00f6rs\u00f6kte bestiga p\u00e5 skidor med en klass 5 i mars 1965. Det var en l\u00f6rdag och s\u00e5ledes halvdag. Vi blev tv\u00e5 timmar sena till skolbussen. Den nya l\u00e4raren hade presenterat sig. N\u00e5ja, jag blev ju kvar 40 \u00e5r i kommunen, s\u00e5&#8230;.<\/p>\n<p><strong>M\u00e4nniskans b\u00e4sta v\u00e4n.\u00a0<\/strong>P\u00e5 kv\u00e4llen sitter jag och Mats och pratar minnen. D\u00e5 blir det f\u00f6r k\u00e4nslosamt och jag b\u00f6rjar gr\u00e5ta. Poppe ligger och vilar framf\u00f6r oss. Pl\u00f6tsligt reser han sig och g\u00e5r fram till mig. Han kryper intill och l\u00e4gger sitt huvud p\u00e5 mina ben. Han tittar s\u00e5 d\u00e4r f\u00f6rst\u00e5ende eller kanske bedjande, som bara en hund kan g\u00f6ra.<\/p>\n<p><strong>Om n\u00e5gra veckor \u00e5ker jag till Torrevieja &#8211; ensam.\u00a0<\/strong>Det k\u00e4nns agasamt, f\u00f6r att uttrycka sig p\u00e5 jamtska eller konstigt.<\/p>\n<p><a href=\"http:\/\/media1.anderstrense.se\/2014\/09\/Granlunda-Poppe-2013-021-e1410690594814.jpg\"><img loading=\"lazy\" decoding=\"async\" class=\"aligncenter size-large wp-image-1690\" src=\"http:\/\/media1.anderstrense.se\/2014\/09\/Granlunda-Poppe-2013-021-1024x768.jpg\" alt=\"Granlunda Poppe 2013 021\" width=\"604\" height=\"453\" \/><\/a><a href=\"http:\/\/media1.anderstrense.se\/2014\/09\/Granlunda-Poppe-2013-021.jpg\"><br \/>\n<\/a><\/p>\n<p>&nbsp;<\/p>\n<p>&nbsp;<\/p>\n","protected":false},"excerpt":{"rendered":"<p>Att t\u00e4nda en eld.\u00a0Margareta och jag gick ofta ut till baksidan av huset (Granlunda). D\u00e4r har vi en eldstad, som Amanda och jag gjorde n\u00e4r hon var sju \u00e5r. \u00a0Runt eldstaden har vi lagt n\u00e5gra timmerstockar, som \u00e4r sk\u00f6na att sitta p\u00e5. Att sitta vid en eld eller ett rinnande vatten (eller b\u00e5dadera) \u00e4r oerh\u00f6rt &hellip; <a href=\"https:\/\/anderstrense.se\/?p=1677\" class=\"more-link\">Forts\u00e4tt l\u00e4sa <span class=\"screen-reader-text\">Ensam &#8211; b\u00e5de och<\/span> <span class=\"meta-nav\">&rarr;<\/span><\/a><\/p>\n","protected":false},"author":2,"featured_media":0,"comment_status":"open","ping_status":"closed","sticky":false,"template":"","format":"standard","meta":{"footnotes":""},"categories":[3],"tags":[],"class_list":["post-1677","post","type-post","status-publish","format-standard","hentry","category-osorterat"],"_links":{"self":[{"href":"https:\/\/anderstrense.se\/index.php?rest_route=\/wp\/v2\/posts\/1677","targetHints":{"allow":["GET"]}}],"collection":[{"href":"https:\/\/anderstrense.se\/index.php?rest_route=\/wp\/v2\/posts"}],"about":[{"href":"https:\/\/anderstrense.se\/index.php?rest_route=\/wp\/v2\/types\/post"}],"author":[{"embeddable":true,"href":"https:\/\/anderstrense.se\/index.php?rest_route=\/wp\/v2\/users\/2"}],"replies":[{"embeddable":true,"href":"https:\/\/anderstrense.se\/index.php?rest_route=%2Fwp%2Fv2%2Fcomments&post=1677"}],"version-history":[{"count":0,"href":"https:\/\/anderstrense.se\/index.php?rest_route=\/wp\/v2\/posts\/1677\/revisions"}],"wp:attachment":[{"href":"https:\/\/anderstrense.se\/index.php?rest_route=%2Fwp%2Fv2%2Fmedia&parent=1677"}],"wp:term":[{"taxonomy":"category","embeddable":true,"href":"https:\/\/anderstrense.se\/index.php?rest_route=%2Fwp%2Fv2%2Fcategories&post=1677"},{"taxonomy":"post_tag","embeddable":true,"href":"https:\/\/anderstrense.se\/index.php?rest_route=%2Fwp%2Fv2%2Ftags&post=1677"}],"curies":[{"name":"wp","href":"https:\/\/api.w.org\/{rel}","templated":true}]}}