{"id":1643,"date":"2014-07-22T18:39:36","date_gmt":"2014-07-22T17:39:36","guid":{"rendered":"http:\/\/anderstrense.se\/?p=1643"},"modified":"2014-07-22T18:39:36","modified_gmt":"2014-07-22T17:39:36","slug":"tarar","status":"publish","type":"post","link":"https:\/\/anderstrense.se\/?p=1643","title":{"rendered":"T\u00e5rar"},"content":{"rendered":"<p><strong>Att k\u00f6ra bil, n\u00e4r man gr\u00e5ter. <\/strong>\u00c4r det farligt? Kanske. Jag var p\u00e5 v\u00e4g till Storsj\u00f6bygdens f\u00f6rn\u00e4mliga golfbana. Radion vaknade till liv. P4, J\u00e4mtlands radio. Fr\u00e5gesport. Som vanligt kunde jag alla fr\u00e5gorna, l\u00e4tt. Man g\u00f6r ju det n\u00e4r man sitter avslappnad och inte beh\u00f6ver svara. N\u00e4r n\u00e5gon svarat r\u00e4tt och f\u00e5tt sin mugg kommer skivan. Jag \u00e4r totalt of\u00f6rberedd. Lisa Nilsson sjunger, \u00a0Var \u00e4r du min v\u00e4n? Lisa har en vacker r\u00f6st och l\u00e5ten\/visan \u00e4r vacker, f\u00f6r vacker &#8211; \u00e5tminstone f\u00f6r mig. Allt kraschar och jag gr\u00e5ter hejdl\u00f6st. V\u00e4gen blir en suddig linje, glas\u00f6gonen immar igen.<\/p>\n<p><strong>Tiden l\u00e4ker alla s\u00e5r. Hur l\u00e5ng tid?\u00a0<\/strong>Att det skall vara s\u00e5 f\u00f6rbannat sv\u00e5rt att inse sanningen. Hon finns inte mer. Hon kommer inte tillbaka. Jo i minnena, men det \u00e4r ju det som \u00e4r s\u00e5 sv\u00e5rt.\u00a0<strong><\/strong><\/p>\n<p><strong>Barnbarnet Jonatan, 21 \u00e5r, tog med mig p\u00e5 fj\u00e4llvandring. <\/strong>T\u00e4nk att de d\u00e4r knattarna pl\u00f6tsligt tar \u00f6ver ansvaret. Jag har ju fem barnbarn till, men nu var det Jonatan. N\u00e4r han ser att jag b\u00f6rjar kn\u00e4a under mina 17 kg, packar han om. Vi g\u00e5r vidare, han med 22 kg och jag med 12 kg. Vi sl\u00e5r upp t\u00e4ltet vid Ulv\u00e5tj\u00e4rn, en av de vackraste platserna i den J\u00e4mtl\u00e4ndska fj\u00e4llv\u00e4rlden. H\u00e4r var jag och Margareta f\u00f6rsta g\u00e5ngen 1960. Det blir en sk\u00f6n kv\u00e4ll, men d\u00e5 \u00e4r minnena d\u00e4r igen. Hur m\u00e5nga t\u00e5rar kan man producera? Jonatan l\u00e4gger sin arm \u00f6ver mina axlar. En l\u00e5ng stund, mycket l\u00e5ng, sitter vi tysta. Sen sl\u00e4pper det, l\u00e5ngsamt.<\/p>\n<p><strong>Tiden l\u00e4ker alla s\u00e5r &#8211; jag hoppas det.<\/strong><\/p>\n<p><strong>Jag tror inte p\u00e5 helvetet eller paradiset.\u00a0<\/strong>P\u00e5 jorden finns m\u00e5nga paradis, ett av dem \u00e4r Huggnora i s\u00f6dra Dalarna. En underbar liten by med allt som h\u00f6r den svenska sommaren till. Gedigna timmerhus, kor som betar, en vacker varm sj\u00f6 och det b\u00e4sta av allt &#8211; d\u00e4r bor Bengt och Kicki p\u00e5 sommaren. De \u00e4r gedigna v\u00e4nner, som bor i Torrevieja p\u00e5 vintern. Jag m\u00e5ste \u00e5ka ned till M\u00e4rsta och tog sv\u00e4ngen runt Dalom. Kramar och v\u00e4rme slog emot mig, och s\u00e5 t\u00e5rar naturligtvis, litervis. Tv\u00e5 dagar med ett v\u00e4der som n\u00e4stan \u00e4r unikt f\u00f6r Sverige. Mycket t\u00e5rar, men ett reningsbad f\u00f6r sj\u00e4len.<\/p>\n<p><strong>Tiden l\u00e4ker alla s\u00e5r, men den m\u00e5ste ha hj\u00e4lp.<\/strong><\/p>\n<p><a href=\"http:\/\/media1.anderstrense.se\/2014\/07\/Fj\u00e4lltur-Jonatan-Juli-2014-005.jpg\"><img loading=\"lazy\" decoding=\"async\" class=\"aligncenter size-large wp-image-1651\" alt=\"Fj\u00e4lltur Jonatan Juli 2014 005\" src=\"http:\/\/media1.anderstrense.se\/2014\/07\/Fj\u00e4lltur-Jonatan-Juli-2014-005-1024x768.jpg\" width=\"604\" height=\"453\" \/><\/a><\/p>\n<p>Jonatan med Sylarna i bakgrunden<\/p>\n<p><a href=\"http:\/\/media1.anderstrense.se\/2014\/07\/Fj\u00e4lltur-Jonatan-Juli-2014-006.jpg\"><img loading=\"lazy\" decoding=\"async\" class=\"aligncenter size-large wp-image-1652\" alt=\"Fj\u00e4lltur Jonatan Juli 2014 006\" src=\"http:\/\/media1.anderstrense.se\/2014\/07\/Fj\u00e4lltur-Jonatan-Juli-2014-006-1024x768.jpg\" width=\"604\" height=\"453\" \/><\/a><\/p>\n<p>Jonatan planerar n\u00e4sta dagsetapp<\/p>\n<p><a href=\"http:\/\/media1.anderstrense.se\/2014\/07\/Fj\u00e4lltur-Jonatan-Juli-2014-013.jpg\"><img loading=\"lazy\" decoding=\"async\" class=\"aligncenter size-large wp-image-1653\" alt=\"Fj\u00e4lltur Jonatan Juli 2014 013\" src=\"http:\/\/media1.anderstrense.se\/2014\/07\/Fj\u00e4lltur-Jonatan-Juli-2014-013-1024x768.jpg\" width=\"604\" height=\"453\" \/><\/a><\/p>\n<p>Snasah\u00f6garna skymtar i bakgrunden<\/p>\n<p><a href=\"http:\/\/media1.anderstrense.se\/2014\/07\/Fj\u00e4lltur-Jonatan-Juli-2014-024.jpg\"><img loading=\"lazy\" decoding=\"async\" class=\"aligncenter size-large wp-image-1654\" alt=\"Fj\u00e4lltur Jonatan Juli 2014 024\" src=\"http:\/\/media1.anderstrense.se\/2014\/07\/Fj\u00e4lltur-Jonatan-Juli-2014-024-1024x768.jpg\" width=\"604\" height=\"453\" \/><\/a><\/p>\n<p>N\u00e4r vi kom hem till Granlunda tog vi b\u00e5ten och drygade ut f\u00e5ngsten med lite sm\u00e5fisk&#8230;..<\/p>\n<p><strong>Tack Jonatan, du hj\u00e4lpte tiden.<\/strong><\/p>\n<p>&nbsp;<\/p>\n","protected":false},"excerpt":{"rendered":"<p>Att k\u00f6ra bil, n\u00e4r man gr\u00e5ter. \u00c4r det farligt? Kanske. Jag var p\u00e5 v\u00e4g till Storsj\u00f6bygdens f\u00f6rn\u00e4mliga golfbana. Radion vaknade till liv. P4, J\u00e4mtlands radio. Fr\u00e5gesport. Som vanligt kunde jag alla fr\u00e5gorna, l\u00e4tt. Man g\u00f6r ju det n\u00e4r man sitter avslappnad och inte beh\u00f6ver svara. N\u00e4r n\u00e5gon svarat r\u00e4tt och f\u00e5tt sin mugg kommer skivan. &hellip; <a href=\"https:\/\/anderstrense.se\/?p=1643\" class=\"more-link\">Forts\u00e4tt l\u00e4sa <span class=\"screen-reader-text\">T\u00e5rar<\/span> <span class=\"meta-nav\">&rarr;<\/span><\/a><\/p>\n","protected":false},"author":2,"featured_media":0,"comment_status":"open","ping_status":"closed","sticky":false,"template":"","format":"standard","meta":{"footnotes":""},"categories":[3],"tags":[],"class_list":["post-1643","post","type-post","status-publish","format-standard","hentry","category-osorterat"],"_links":{"self":[{"href":"https:\/\/anderstrense.se\/index.php?rest_route=\/wp\/v2\/posts\/1643","targetHints":{"allow":["GET"]}}],"collection":[{"href":"https:\/\/anderstrense.se\/index.php?rest_route=\/wp\/v2\/posts"}],"about":[{"href":"https:\/\/anderstrense.se\/index.php?rest_route=\/wp\/v2\/types\/post"}],"author":[{"embeddable":true,"href":"https:\/\/anderstrense.se\/index.php?rest_route=\/wp\/v2\/users\/2"}],"replies":[{"embeddable":true,"href":"https:\/\/anderstrense.se\/index.php?rest_route=%2Fwp%2Fv2%2Fcomments&post=1643"}],"version-history":[{"count":0,"href":"https:\/\/anderstrense.se\/index.php?rest_route=\/wp\/v2\/posts\/1643\/revisions"}],"wp:attachment":[{"href":"https:\/\/anderstrense.se\/index.php?rest_route=%2Fwp%2Fv2%2Fmedia&parent=1643"}],"wp:term":[{"taxonomy":"category","embeddable":true,"href":"https:\/\/anderstrense.se\/index.php?rest_route=%2Fwp%2Fv2%2Fcategories&post=1643"},{"taxonomy":"post_tag","embeddable":true,"href":"https:\/\/anderstrense.se\/index.php?rest_route=%2Fwp%2Fv2%2Ftags&post=1643"}],"curies":[{"name":"wp","href":"https:\/\/api.w.org\/{rel}","templated":true}]}}