{"id":1630,"date":"2014-06-03T18:40:30","date_gmt":"2014-06-03T17:40:30","guid":{"rendered":"http:\/\/anderstrense.se\/?p=1630"},"modified":"2014-06-03T18:40:30","modified_gmt":"2014-06-03T17:40:30","slug":"den-tunga-saknaden","status":"publish","type":"post","link":"https:\/\/anderstrense.se\/?p=1630","title":{"rendered":"Den tunga saknaden"},"content":{"rendered":"<p><strong>\u00c4nnu en begravning.\u00a0<\/strong>En av de riktigt n\u00e4ra barndomsv\u00e4nnerna har f\u00e5tt vila. Lars fick MS i unga \u00e5r. Han har k\u00e4mpat mot en sjukdom, som alltid vinner till slut. Lars gjorde allt. Han tr\u00e4nade, \u00e4ndrade kostvanor, pr\u00f6vade h\u00e4lsokost &#8211; ja allt. En enorm vilja gjorde att han trots allt fick ett ganska l\u00e5ngt liv. N\u00e4r benen tog slut, \u00e5kte han slalom i en specialbyggd k\u00e4lke. Han tog sig upp en bit p\u00e5 fj\u00e4llet i rullstol. Det jag minns b\u00e4st \u00e4r v\u00e5ra kv\u00e4llar i augusti vid havet. Vi t\u00e4nde ett stearinljus och drack kask. Starkt kaffe och Renat nr. 1.<br \/>\nDe sista m\u00e5naderna orkade inte kroppen mer. Allt blev en pl\u00e5ga. Han ville vila och det fick han.<\/p>\n<p><strong>Bara ett par \u00e5r och allt har f\u00f6r\u00e4ndrats.\u00a0<\/strong>F\u00f6rutom Margareta har mycket n\u00e4ra v\u00e4nner g\u00e5tt bort. Nils-Olof &#8211; Torbj\u00f6rn &#8211; Tobben fr\u00e5n Bergen (granne i Torrevieja) &#8211; PO &#8211; Lars-Erik &#8211; Mona &#8211; Lars&#8230;.<\/p>\n<p>Inte ens en gr\u00e5 liten f\u00e5gel<br \/>\nsom sjunger p\u00e5 gr\u00f6nan kvist<br \/>\ndet finns p\u00e5 den andra sidan<br \/>\noch det tycker jag nog blir trist<\/p>\n<p>Inte ens en gr\u00e5 liten f\u00e5gel<br \/>\noch aldrig en bj\u00f6rk som st\u00e5r vit &#8211;<br \/>\nMen den vackraste dagen som sommaren ger<br \/>\nhar det h\u00e4nt att jag l\u00e4ngtat dit<br \/>\n(Nils Ferlin)<\/p>\n<p><strong>Men, mitt i den tunga saknaden&#8230;..<\/strong> Paulina tar l\u00e4rarexamen i morgon (du m\u00e5ste komma farfar, naturligtvis) &#8211; Amanda tar studenten p\u00e5 l\u00f6pargymnasiet (du m\u00e5ste &#8230;.) &#8211; Matilda g\u00e5r ut nian och \u00e4r n\u00f6jd (d\u00e5 \u00e4r det bra&#8230;) &#8211; Mehdi tentar stenh\u00e5rt i matematik i Paris &#8211; Jonatan har bra jobb och skall g\u00e5 p\u00e5 fj\u00e4llvandring med mig &#8211; Felisia har tagit ett j\u00e4ttekliv mot vuxenv\u00e4rlden och skall med pojkv\u00e4n \u00e5ka till v\u00e5rt hus i Torrevieja (du b\u00f6r inte komma farfar&#8230;)<\/p>\n<p><em>T\u00e4nk vad underbart om alla var med.<\/em><\/p>\n<p>&nbsp;<\/p>\n","protected":false},"excerpt":{"rendered":"<p>\u00c4nnu en begravning.\u00a0En av de riktigt n\u00e4ra barndomsv\u00e4nnerna har f\u00e5tt vila. Lars fick MS i unga \u00e5r. Han har k\u00e4mpat mot en sjukdom, som alltid vinner till slut. Lars gjorde allt. Han tr\u00e4nade, \u00e4ndrade kostvanor, pr\u00f6vade h\u00e4lsokost &#8211; ja allt. En enorm vilja gjorde att han trots allt fick ett ganska l\u00e5ngt liv. N\u00e4r benen &hellip; <a href=\"https:\/\/anderstrense.se\/?p=1630\" class=\"more-link\">Forts\u00e4tt l\u00e4sa <span class=\"screen-reader-text\">Den tunga saknaden<\/span> <span class=\"meta-nav\">&rarr;<\/span><\/a><\/p>\n","protected":false},"author":2,"featured_media":0,"comment_status":"open","ping_status":"closed","sticky":false,"template":"","format":"standard","meta":{"footnotes":""},"categories":[3],"tags":[],"class_list":["post-1630","post","type-post","status-publish","format-standard","hentry","category-osorterat"],"_links":{"self":[{"href":"https:\/\/anderstrense.se\/index.php?rest_route=\/wp\/v2\/posts\/1630","targetHints":{"allow":["GET"]}}],"collection":[{"href":"https:\/\/anderstrense.se\/index.php?rest_route=\/wp\/v2\/posts"}],"about":[{"href":"https:\/\/anderstrense.se\/index.php?rest_route=\/wp\/v2\/types\/post"}],"author":[{"embeddable":true,"href":"https:\/\/anderstrense.se\/index.php?rest_route=\/wp\/v2\/users\/2"}],"replies":[{"embeddable":true,"href":"https:\/\/anderstrense.se\/index.php?rest_route=%2Fwp%2Fv2%2Fcomments&post=1630"}],"version-history":[{"count":0,"href":"https:\/\/anderstrense.se\/index.php?rest_route=\/wp\/v2\/posts\/1630\/revisions"}],"wp:attachment":[{"href":"https:\/\/anderstrense.se\/index.php?rest_route=%2Fwp%2Fv2%2Fmedia&parent=1630"}],"wp:term":[{"taxonomy":"category","embeddable":true,"href":"https:\/\/anderstrense.se\/index.php?rest_route=%2Fwp%2Fv2%2Fcategories&post=1630"},{"taxonomy":"post_tag","embeddable":true,"href":"https:\/\/anderstrense.se\/index.php?rest_route=%2Fwp%2Fv2%2Ftags&post=1630"}],"curies":[{"name":"wp","href":"https:\/\/api.w.org\/{rel}","templated":true}]}}