{"id":1567,"date":"2014-03-28T10:22:58","date_gmt":"2014-03-28T09:22:58","guid":{"rendered":"http:\/\/anderstrense.se\/?p=1567"},"modified":"2014-03-28T10:22:58","modified_gmt":"2014-03-28T09:22:58","slug":"att-forlora-sin-basta-van","status":"publish","type":"post","link":"https:\/\/anderstrense.se\/?p=1567","title":{"rendered":"Att f\u00f6rlora sin b\u00e4sta v\u00e4n"},"content":{"rendered":"<p><strong>Hon var inte bara min b\u00e4sta v\u00e4n, hon var min hustru.\u00a0<\/strong>Vi hade varit gifta i 53 \u00e5r. Hon gav mig tre barn och sex barnbarn. N\u00e4r livet pl\u00f6tsligt sl\u00e4ckts under en tid av 30 sekunder blir allt tomt. Det g\u00e5r inte att fatta, det blir bara en djup, sm\u00e4rtfylld sorg. Trots 74 \u00e5r k\u00e4nde vi en framtid, vi planerade.<\/p>\n<p>Efter s\u00e5 m\u00e5nga \u00e5r tillsammans dominerar inte ungdomens f\u00f6r\u00e4lskelse, \u00e4ven om den finns kvar i minnena. Man k\u00e4nner en sj\u00e4lslig trygghet med varandra. N\u00e4r man n\u00e5tt s\u00e5 l\u00e5ngt tycker man att den andres v\u00e4lbefinnande \u00e4r viktigare \u00e4n sin eget. Vi hade n\u00e5tt s\u00e5 l\u00e5ngt. Detta inneb\u00e4r att n\u00e4r den andra d\u00f6r, d\u00f6r ocks\u00e5 en del av den som f\u00e5r leva vidare. I dagens samh\u00e4lle \u00e4r detta unikt, men jag \u00e4r tacksam f\u00f6r att det blev s\u00e5. Missuppfatta mig inte. Vi br\u00e5kade d\u00e5 och d\u00e5 som alla andra, kunde bli riktigt sura p\u00e5 varandra. Fast hela tiden visste vi, att v\u00e4gen till f\u00f6rsoning l\u00e5g bakom h\u00f6rnet.<\/p>\n<p><strong>Jag \u00e4r inte r\u00e4dd f\u00f6r d\u00f6den l\u00e4ngre.\u00a0<\/strong>F\u00f6rr var jag r\u00e4dd f\u00f6r att l\u00e4mna Margareta ensam, f\u00f6r att d\u00f6. Det \u00e4r jag inte l\u00e4ngre. Jag har inte n\u00e5gon tanke p\u00e5 att s\u00f6ka d\u00f6den, inte alls. Livet \u00e4r en fantastisk g\u00e5va, men jag \u00e4r inte r\u00e4dd l\u00e4ngre. Min l\u00e4kare sa att varje m\u00e4nniska har sitt \u00f6de. Varf\u00f6r d\u00f6r vissa n\u00e4r de \u00e4r 74 \u00e5r och vissa vid 94 \u00e5r? Det \u00e4r meningsl\u00f6st att s\u00f6ka det svaret, det finns inte. Viktigare \u00e4r kanske att fundera p\u00e5 vad man gjort av livet. D\u00e4r k\u00e4nner jag en stor tillfredsst\u00e4llelse. Vi hade gjort allt vi \u00f6nskade och vi hade gjort det tillsammans.<\/p>\n<p><strong>I denna stund betyder v\u00e4nnerna allt.\u00a0<\/strong>Mina barn och barnbarn samt alla v\u00e4nner b\u00e5de i Torrevieja och i Sverige. Svenska kyrkan har en liten f\u00f6rsamling i Torrevieja. Margareta och jag var medlemmar. Vi var\/\u00e4r inte alls s\u00e4rskilt kyrkliga eller religi\u00f6sa, men vi k\u00e4nde tryggheten, traditionen. Pr\u00e4stparet Michael (kyrkoherde) och Susanne (diakon) gav mig ett stort st\u00f6d. V\u00e5ra f\u00f6rsamlingar i fr\u00e4mmande l\u00e4nder betyder mer \u00e4n de flesta f\u00f6rst\u00e5r.<\/p>\n<p><strong>Att g\u00e5 vidare.\u00a0<\/strong>Det \u00e4r 18 dagar och 3 timmar sedan Margareta gick bort. Jag har fortfarande lika sv\u00e5rt att f\u00f6rst\u00e5 det.<\/p>\n<p><strong>M\u00e5nga vill ge en minnesg\u00e5va till Margareta genom Barncancerf\u00f6reningen i Ume\u00e5. Tyv\u00e4rr har fel postgironummer angivits i tidningen. Det r\u00e4tta \u00e4r 90 30 80 &#8211; 0<\/strong><\/p>\n<p><a href=\"http:\/\/media1.anderstrense.se\/2014\/03\/4.jpg\"><img loading=\"lazy\" decoding=\"async\" class=\"aligncenter size-medium wp-image-1580\" alt=\"4\" src=\"http:\/\/media1.anderstrense.se\/2014\/03\/4-300x194.jpg\" width=\"300\" height=\"194\" \/><\/a><\/p>\n<p>&nbsp;<\/p>\n<p>Br\u00f6llopsresa, Helags 1961<\/p>\n<p><a href=\"http:\/\/media1.anderstrense.se\/2014\/03\/A8.jpg\"><img loading=\"lazy\" decoding=\"async\" class=\"aligncenter size-medium wp-image-1578\" alt=\"A8\" src=\"http:\/\/media1.anderstrense.se\/2014\/03\/A8-300x194.jpg\" width=\"300\" height=\"194\" \/><\/a><\/p>\n<p>30 \u00e5r senare<\/p>\n<p><a href=\"http:\/\/media1.anderstrense.se\/2014\/03\/A20-P\u00e5-natten-kom-sn\u00f6stormen.jpg\"><img loading=\"lazy\" decoding=\"async\" class=\"aligncenter size-medium wp-image-1579\" alt=\"A20 P\u00e5 natten kom sn\u00f6stormen\" src=\"http:\/\/media1.anderstrense.se\/2014\/03\/A20-P\u00e5-natten-kom-sn\u00f6stormen-300x194.jpg\" width=\"300\" height=\"194\" \/><\/a><\/p>\n<p>&nbsp;<\/p>\n<p>Lund\u00f6rrspasset<\/p>\n","protected":false},"excerpt":{"rendered":"<p>Hon var inte bara min b\u00e4sta v\u00e4n, hon var min hustru.\u00a0Vi hade varit gifta i 53 \u00e5r. Hon gav mig tre barn och sex barnbarn. N\u00e4r livet pl\u00f6tsligt sl\u00e4ckts under en tid av 30 sekunder blir allt tomt. Det g\u00e5r inte att fatta, det blir bara en djup, sm\u00e4rtfylld sorg. Trots 74 \u00e5r k\u00e4nde vi &hellip; <a href=\"https:\/\/anderstrense.se\/?p=1567\" class=\"more-link\">Forts\u00e4tt l\u00e4sa <span class=\"screen-reader-text\">Att f\u00f6rlora sin b\u00e4sta v\u00e4n<\/span> <span class=\"meta-nav\">&rarr;<\/span><\/a><\/p>\n","protected":false},"author":2,"featured_media":0,"comment_status":"open","ping_status":"closed","sticky":false,"template":"","format":"standard","meta":{"footnotes":""},"categories":[3],"tags":[],"class_list":["post-1567","post","type-post","status-publish","format-standard","hentry","category-osorterat"],"_links":{"self":[{"href":"https:\/\/anderstrense.se\/index.php?rest_route=\/wp\/v2\/posts\/1567","targetHints":{"allow":["GET"]}}],"collection":[{"href":"https:\/\/anderstrense.se\/index.php?rest_route=\/wp\/v2\/posts"}],"about":[{"href":"https:\/\/anderstrense.se\/index.php?rest_route=\/wp\/v2\/types\/post"}],"author":[{"embeddable":true,"href":"https:\/\/anderstrense.se\/index.php?rest_route=\/wp\/v2\/users\/2"}],"replies":[{"embeddable":true,"href":"https:\/\/anderstrense.se\/index.php?rest_route=%2Fwp%2Fv2%2Fcomments&post=1567"}],"version-history":[{"count":0,"href":"https:\/\/anderstrense.se\/index.php?rest_route=\/wp\/v2\/posts\/1567\/revisions"}],"wp:attachment":[{"href":"https:\/\/anderstrense.se\/index.php?rest_route=%2Fwp%2Fv2%2Fmedia&parent=1567"}],"wp:term":[{"taxonomy":"category","embeddable":true,"href":"https:\/\/anderstrense.se\/index.php?rest_route=%2Fwp%2Fv2%2Fcategories&post=1567"},{"taxonomy":"post_tag","embeddable":true,"href":"https:\/\/anderstrense.se\/index.php?rest_route=%2Fwp%2Fv2%2Ftags&post=1567"}],"curies":[{"name":"wp","href":"https:\/\/api.w.org\/{rel}","templated":true}]}}