{"id":1467,"date":"2013-12-21T08:44:58","date_gmt":"2013-12-21T07:44:58","guid":{"rendered":"http:\/\/anderstrense.se\/?p=1467"},"modified":"2013-12-21T08:44:58","modified_gmt":"2013-12-21T07:44:58","slug":"jul","status":"publish","type":"post","link":"https:\/\/anderstrense.se\/?p=1467","title":{"rendered":"Jul"},"content":{"rendered":"<p><strong>Den sjuttiofj\u00e4rde julen.\u00a0<\/strong>Ja, det blir det, faktiskt. Det k\u00e4nns overkligt, men \u00e4r ju &#8211; tyv\u00e4rr, mycket verkligt. Hur mycket kommer man ih\u00e5g? De f\u00f6rsta jularna \u00e4r minnen som pappa och mamma ber\u00e4ttade om. \u00a0P\u00e5 den tiden fanns det inte pengar till s\u00e5 m\u00e5nga julklappar, f\u00f6r det mesta en. Jag hade f\u00e5tt en leksaksbil, som jag parkerade i ett h\u00f6rn, varefter jag lekte med ett vedtr\u00e4. Jag anar att det var d\u00e5 min kreativa beg\u00e5vning vaknade, \u00e5tminstone sade mamma det (ni vet m\u00f6drar).<br \/>\nN\u00e5got \u00e4ldre och med b\u00e4ttre ekonomi i familjen fick jag en bob (kriget var slut och f\u00f6rsta barnbidraget kom). Jag och kompisen Ove knallade upp f\u00f6r missionsbacken, som d\u00e5 var fruktansv\u00e4rt l\u00e5ng och brant. Vi st\u00f6rtade iv\u00e4g med d\u00f6dsf\u00f6rakt. Det var isigt i backen och farten \u00f6kade. Vid slutet av backen korsade man landsv\u00e4gen. Just d\u00e5 kom fabrik\u00f6r Eriksson i sin stora Volvo. Det fanns bara tv\u00e5 bilar i samh\u00e4llet, fabrik\u00f6r Erikssons och taxin, s\u00e5 lite otur var det ju, rent statistiskt. P\u00e5 v\u00e4gen kom tant Jansson p\u00e5 sparken. Hon s\u00e5g vad som skulle h\u00e4nda och fr\u00f6s till is av skr\u00e4ck. Senare ber\u00e4ttade tant Jansson f\u00f6ljande:<br \/>\n&#8221; Just n\u00e4r vi skulle korsa v\u00e4gen och bli krossade av fabrik\u00f6r Erikssons stora Volvo, sv\u00e4ngde jag ned i diket och f\u00f6rsvann i ett sn\u00f6moln. Likt en jultomte tittade jag upp och s\u00e5g p\u00e5 den fortfarande chockade tant Jansson och s\u00e4ger:<br \/>\n<strong>Trodde du n\u00e5t?\u00a0<\/strong>(ytterligare ett bevis p\u00e5 den kreativa beg\u00e5vningen?)<\/p>\n<p><strong>Julen och v\u00e4dret.\u00a0<\/strong>N\u00e4r jag f\u00f6rs\u00f6ker minnas \u00e4r det egentligen v\u00e4dret som dominerar. Tre veckor f\u00f6re jul b\u00f6rjar man tjata om en vit jul. Bing hj\u00e4lper till genom att st\u00e4ndigt dr\u00f6mma om en vit jul fast han bodde i Los Angeles. Tuffaste v\u00e4derminnet har jag fr\u00e5n b\u00f6rjan av 80-talet, n\u00e4r vi hade minus 42 C. D\u00e5 skulle Bing ha varit med och \u00e5kt k\u00e4lke efter en ren. Tv\u00e4rtom var en jul i b\u00f6rjan p\u00e5 seklet i Torrevieja, +27 grader p\u00e5 julafton. Vi hade kl\u00e4tt upp oss f\u00f6r att g\u00e5 till Stefans restaurang, som hade ett magnifikt julbord p\u00e5 den tiden. If\u00f6rd Harris Tweed var jag n\u00e4ra att f\u00e5 v\u00e4rmeslag, men maten var god. \u00c5ret efter var maten lika god, men inte v\u00e4dret. Det regnade kopi\u00f6st och termometern visade 12 grader (plus i alla fall). Varje gata s\u00e5g ut som Fuan och vi torkade inte upp f\u00f6rr\u00e4n vi kom till Janssons frestelse, men den var god.<\/p>\n<p><strong>Av olika anledningar befinner vi oss i M\u00e4rsta.\u00a0<\/strong>H\u00e4r blir det inte n\u00e5gon vit jul. Vi tar t\u00e5get och \u00e5ker upp till en av s\u00f6nerna i \u00d6stersund. \u00c5ker och \u00e5ker, n\u00e4r det g\u00e4ller t\u00e5get skall man inte vara f\u00f6r s\u00e4ker nuf\u00f6rtiden. \u00a0En vit jul blir det nog, men inte med Bing. Barnbarnen f\u00e5r nog best\u00e4mma och d\u00e5 blir det v\u00e4l n\u00e5gon rappare, som man inte h\u00f6r vad hen s\u00e4ger, men maten blir god, det vet jag.<\/p>\n<p><strong>I dag \u00e4r det \u00e5rets m\u00f6rkaste dag.\u00a0<\/strong>Det kan man konstatera med olika behag. Nu v\u00e4nder det. Om sex m\u00e5nader har vi midsommarafton, d\u00e5 v\u00e4nder det&#8230;. eller Jaha, so what. Det sista \u00e4r nog b\u00e4st.<\/p>\n<p><strong>I vilket fall &#8211; God Jul och Gott Nytt \u00c5r &#8211; Feliz Navidad &#8211; alla l\u00e4sare.<\/strong><\/p>\n<p><a href=\"http:\/\/media1.anderstrense.se\/2013\/12\/A69.jpg\"><img loading=\"lazy\" decoding=\"async\" class=\"aligncenter size-medium wp-image-1480\" alt=\"A69\" src=\"http:\/\/media1.anderstrense.se\/2013\/12\/A69-300x194.jpg\" width=\"300\" height=\"194\" \/><\/a><a href=\"http:\/\/media1.anderstrense.se\/2013\/12\/DSC_0058.jpg\"><br \/>\n<\/a><\/p>\n<p><a href=\"http:\/\/media1.anderstrense.se\/2013\/12\/DSC_0058.jpg\"><img loading=\"lazy\" decoding=\"async\" class=\"aligncenter size-medium wp-image-1481\" alt=\"DSC_0058\" src=\"http:\/\/media1.anderstrense.se\/2013\/12\/DSC_0058-300x200.jpg\" width=\"300\" height=\"200\" \/><\/a><\/p>\n","protected":false},"excerpt":{"rendered":"<p>Den sjuttiofj\u00e4rde julen.\u00a0Ja, det blir det, faktiskt. Det k\u00e4nns overkligt, men \u00e4r ju &#8211; tyv\u00e4rr, mycket verkligt. Hur mycket kommer man ih\u00e5g? De f\u00f6rsta jularna \u00e4r minnen som pappa och mamma ber\u00e4ttade om. \u00a0P\u00e5 den tiden fanns det inte pengar till s\u00e5 m\u00e5nga julklappar, f\u00f6r det mesta en. Jag hade f\u00e5tt en leksaksbil, som jag &hellip; <a href=\"https:\/\/anderstrense.se\/?p=1467\" class=\"more-link\">Forts\u00e4tt l\u00e4sa <span class=\"screen-reader-text\">Jul<\/span> <span class=\"meta-nav\">&rarr;<\/span><\/a><\/p>\n","protected":false},"author":2,"featured_media":0,"comment_status":"open","ping_status":"closed","sticky":false,"template":"","format":"standard","meta":{"footnotes":""},"categories":[3],"tags":[],"class_list":["post-1467","post","type-post","status-publish","format-standard","hentry","category-osorterat"],"_links":{"self":[{"href":"https:\/\/anderstrense.se\/index.php?rest_route=\/wp\/v2\/posts\/1467","targetHints":{"allow":["GET"]}}],"collection":[{"href":"https:\/\/anderstrense.se\/index.php?rest_route=\/wp\/v2\/posts"}],"about":[{"href":"https:\/\/anderstrense.se\/index.php?rest_route=\/wp\/v2\/types\/post"}],"author":[{"embeddable":true,"href":"https:\/\/anderstrense.se\/index.php?rest_route=\/wp\/v2\/users\/2"}],"replies":[{"embeddable":true,"href":"https:\/\/anderstrense.se\/index.php?rest_route=%2Fwp%2Fv2%2Fcomments&post=1467"}],"version-history":[{"count":0,"href":"https:\/\/anderstrense.se\/index.php?rest_route=\/wp\/v2\/posts\/1467\/revisions"}],"wp:attachment":[{"href":"https:\/\/anderstrense.se\/index.php?rest_route=%2Fwp%2Fv2%2Fmedia&parent=1467"}],"wp:term":[{"taxonomy":"category","embeddable":true,"href":"https:\/\/anderstrense.se\/index.php?rest_route=%2Fwp%2Fv2%2Fcategories&post=1467"},{"taxonomy":"post_tag","embeddable":true,"href":"https:\/\/anderstrense.se\/index.php?rest_route=%2Fwp%2Fv2%2Ftags&post=1467"}],"curies":[{"name":"wp","href":"https:\/\/api.w.org\/{rel}","templated":true}]}}